{"id":5678,"date":"2026-04-02T09:41:40","date_gmt":"2026-04-02T07:41:40","guid":{"rendered":"https:\/\/lasalamandra.eu\/baby\/?p=5678"},"modified":"2026-04-02T09:41:41","modified_gmt":"2026-04-02T07:41:41","slug":"appuntamenti-per-famiglie-5","status":"publish","type":"post","link":"https:\/\/lasalamandra.eu\/baby\/2026\/04\/02\/appuntamenti-per-famiglie-5\/","title":{"rendered":"Appuntamenti per famiglie"},"content":{"rendered":"\n<h3 class=\"wp-block-heading\"><strong>E\u2026VENTO DI MAGGIO 2026 \u2013 \u201cComunitiamo\u201d<\/strong><\/h3>\n\n\n\n<p>Sabato 9 maggio, al Parco Ali Dorate, torna uno degli appuntamenti pi\u00f9 attesi del territorio. Dalle 14.30 alle 18.30 andr\u00e0 in scena una nuova edizione di \u201cE\u2026vento di Maggio\u201d, quest\u2019anno dedicata al tema \u201cComunitiamo\u201d, un invito chiaro a vivere e costruire insieme la comunit\u00e0.<\/p>\n\n\n\n<p>L\u2019iniziativa, promossa dall\u2019Istituto Comprensivo 5 Coletti, coinvolger\u00e0 un ampio numero di realt\u00e0 locali tra scuole, associazioni, societ\u00e0 sportive, enti e organizzazioni del terzo settore.<\/p>\n\n\n\n<p>Durante il pomeriggio, il parco si animer\u00e0 con attivit\u00e0, dimostrazioni, giochi e laboratori pensati per tutte le et\u00e0. Saranno presenti i plessi dell\u2019IC5, a partire dalla scuola dell\u2019infanzia San Liberale, insieme a numerose realt\u00e0 sportive come Albatros Volley, Atletica Stiore, Ren Bu Kan, Polisportiva Santa Bona, Capoeira Rueda del Sol, Wu Shu, Galletto Minibasket e FIBa Badminton, con la partecipazione anche del CONI.<\/p>\n\n\n\n<p>Accanto allo sport, ampio spazio sar\u00e0 dedicato al sociale e al volontariato, con la presenza di associazioni e gruppi attivi sul territorio come AVIS comunale di Treviso, UNICEF Treviso, Mani Tese, Comunit\u00e0 Sant\u2019Egidio, Auser \u2013 Donne con le donne, Famiglie in Rete, Coop Solidariet\u00e0, LILT \u2013 Giocare in corsia.<\/p>\n\n\n\n<p>Vi sar\u00e0 inoltre la partecipazione di associazioni come Montessori, Matite Colorate, AbiBrat e il Ludobus di I Care, Fattoria Rio Storto e Associazione Orienteering.<\/p>\n\n\n\n<p><a href=\"https:\/\/www.facebook.com\/profile.php?id=61575066796291\">https:\/\/www.facebook.com\/profile.php?id=61575066796291<\/a><\/p>\n\n\n\n<h3 class=\"wp-block-heading\"><strong>LA PASQUA AL PANORAMA DI VILLORBA<\/strong><\/h3>\n\n\n\n<p>Sabato 28 e domenica 29 marzo, dalle 10.30 alle 18.00, la Pasqua arriva al Centro Commerciale Panorama Villorba con tutta la dolcezza del cioccolato\u2026 e con il suo significato pi\u00f9 bello: pensare agli altri. Acquista la tua sorpresa nei negozi del Centro con uno scontrino minimo di 15\u20ac e il giorno stesso potrai confezionare il tuo regalo dentro un uovo di cioccolato artigianale, fondente o al latte. Un gesto dolce e originale, perfetto per rendere la tua Pasqua ancora pi\u00f9 speciale.<\/p>\n\n\n\n<p><a href=\"https:\/\/www.facebook.com\/CentroCommercialePanoramaVillorba\">https:\/\/www.facebook.com\/CentroCommercialePanoramaVillorba<\/a><br><a href=\"https:\/\/www.instagram.com\/ccpanoramavillorba\/\">https:\/\/www.instagram.com\/ccpanoramavillorba\/<\/a><\/p>\n\n\n\n<h3 class=\"wp-block-heading\"><strong>FACCIAMO I GRISSINI?<\/strong><\/h3>\n\n\n\n<p>Sabato 11 aprile, dalle 10 alle 12, a Treviso in Via Francesco Baracca 40, si terr\u00e0 \u201cFacciamo i grissini?\u201d.<\/p>\n\n\n\n<p>Si tratta di un incontro-corso di cucina che vedr\u00e0 la partecipazione di adulto e bambino insieme, un\u2019occasione simpatica e preziosa per condividere un\u2019esperienza diversa dal solito guidati dalla chef Angela Maci.<\/p>\n\n\n\n<p>Con pasta per pizza e pasta sfoglia si prepareranno dei grissini super golosi: grissini morbidi alle olive e prosciutto cotto e grissini di pasta sfoglia, pomodoro e origano.<\/p>\n\n\n\n<p><a href=\"https:\/\/www.facebook.com\/storiebuone.it\">https:\/\/www.facebook.com\/storiebuone.it<\/a> <br><a href=\"https:\/\/www.instagram.com\/storie_buone\/\">https:\/\/www.instagram.com\/storie_buone\/<\/a><\/p>\n\n\n\n<h3 class=\"wp-block-heading\"><strong>CRESCERE SENZA PAURA DEL CIBO<\/strong><\/h3>\n\n\n\n<p>Marted\u00ec 21 aprile, alle 20.15, si terr\u00e0 l\u2019incontro \u201cCrescere senza paura del cibo\u201d a cura della Dott.ssa Laura De Angelis, dietista e psicomotricista relazionale metodo IIPR.<\/p>\n\n\n\n<p>L\u2019incontro mira ad aiutare i bambini a costruire un rapporto sereno con alimentazione, corpo ed emozioni.<\/p>\n\n\n\n<p>Oggi i bambini crescono immersi in messaggi contraddittori sul cibo: diete, regole, paure alimentari, modelli corporei irrealistici. Durante l\u2019incontro si parler\u00e0 di alimentazione nell\u2019infanzia andando oltre calorie e divieti, per comprendere come nasce davvero la relazione con il cibo.<\/p>\n\n\n\n<p>Attraverso esempi concreti, attivit\u00e0 pratiche e momenti di confronto ci sar\u00e0 l\u2019occasione di scoprire come il linguaggio degli adulti, la cultura della dieta e il contesto sociale influenzano profondamente il modo in cui i bambini imparano a mangiare e a percepire il proprio corpo. Si parler\u00e0 di ascolto dei segnali corporei, emozioni, ritmo dei pasti e di come accompagnare i nostri figli verso un rapporto pi\u00f9 libero e consapevole con il cibo.<\/p>\n\n\n\n<p>L\u2019incontro si terr\u00e0 presso Psicomotricit\u00e0 Relazionale Treviso, via Treviso 59, Silea.<\/p>\n\n\n\n<p><a href=\"https:\/\/www.facebook.com\/PsicomotricitaRelazionaleTreviso\">https:\/\/www.facebook.com\/PsicomotricitaRelazionaleTreviso<\/a> <br><a href=\"https:\/\/www.instagram.com\/psicomotricita_relazionale_tv\/\">https:\/\/www.instagram.com\/psicomotricita_relazionale_tv\/<\/a><\/p>\n\n\n\n<p><strong>L\u2019ANGOLO DELLE STORIE BIRICHINE<\/strong><\/p>\n\n\n\n<p>La Biblioteca di Silea ospiter\u00e0 nei giorni di mercoled\u00ec 15 aprile, 6 e 20 maggio, tre appuntamenti de \u201cL\u2019angolo delle storie birichine\u201d, letture animate per bambini da 3 a 6 anni, a cura del Gruppo Liberi Lettori Volontari.<\/p>\n\n\n\n<p>L\u2019inizio \u00e8 fissato per le 16.30 e l\u2019ingresso \u00e8 libero.<\/p>\n\n\n\n<p><a href=\"https:\/\/www.facebook.com\/bibliotecasilea\">https:\/\/www.facebook.com\/bibliotecasilea<\/a> <br><a href=\"https:\/\/www.instagram.com\/bibliotecaliberipensatori\/\">https:\/\/www.instagram.com\/bibliotecaliberipensatori\/<\/a><\/p>\n\n\n\n<p><strong>LE LETTURE DEGLI ANIMALIBRI<\/strong><\/p>\n\n\n\n<p>Sabato 18 aprile alle 18.30 e sabato 16 maggio alle 10.00, la Biblioteca di Casale sul Sile ospiter\u00e0 due appuntamenti di letture animate a cura dei lettori volontari Animalibri. Un appuntamento mensile dedicato ai bambini dai 3 anni in su, per scoprire il piacere delle storie e della lettura.<\/p>\n\n\n\n<p><a href=\"https:\/\/www.facebook.com\/bibliotecacasale\">https:\/\/www.facebook.com\/bibliotecacasale<\/a><br><a href=\"https:\/\/www.instagram.com\/bibliotecacasale\/\">https:\/\/www.instagram.com\/bibliotecacasale\/<\/a><\/p>\n\n\n\n<p><strong>IL SABATO DELLE STORIE<\/strong><\/p>\n\n\n\n<p>Sabato 18 aprile e sabato 23 maggio alle 10.30, torna \u201cIl Sabato delle Storie\u201d alla Biblioteca di Preganziol. Le letture animate sono dedicate ai bambini da 3 a 6 anni, la prenotazione \u00e8 gradita e l\u2019occasione preziosa per educare i bambini alla lettura e all\u2019ascolto<\/p>\n\n\n\n<p><a href=\"https:\/\/www.instagram.com\/bibliotecadipreganziol\/\">https:\/\/www.instagram.com\/bibliotecadipreganziol\/<\/a><\/p>\n","protected":false},"excerpt":{"rendered":"<p>E\u2026VENTO DI MAGGIO 2026 \u2013 \u201cComunitiamo\u201d Sabato 9 maggio, al Parco Ali Dorate, torna uno degli appuntamenti pi\u00f9 attesi del territorio. Dalle 14.30 alle 18.30 andr\u00e0 in scena una nuova edizione di \u201cE\u2026vento di Maggio\u201d, quest\u2019anno dedicata al tema \u201cComunitiamo\u201d, un invito chiaro a vivere e costruire insieme la comunit\u00e0. L\u2019iniziativa, promossa dall\u2019Istituto Comprensivo 5 [&hellip;]<\/p>\n","protected":false},"author":3,"featured_media":2515,"comment_status":"open","ping_status":"open","sticky":false,"template":"","format":"standard","meta":{"footnotes":""},"categories":[1,17],"tags":[],"acf":[],"_links":{"self":[{"href":"https:\/\/lasalamandra.eu\/baby\/wp-json\/wp\/v2\/posts\/5678"}],"collection":[{"href":"https:\/\/lasalamandra.eu\/baby\/wp-json\/wp\/v2\/posts"}],"about":[{"href":"https:\/\/lasalamandra.eu\/baby\/wp-json\/wp\/v2\/types\/post"}],"author":[{"embeddable":true,"href":"https:\/\/lasalamandra.eu\/baby\/wp-json\/wp\/v2\/users\/3"}],"replies":[{"embeddable":true,"href":"https:\/\/lasalamandra.eu\/baby\/wp-json\/wp\/v2\/comments?post=5678"}],"version-history":[{"count":1,"href":"https:\/\/lasalamandra.eu\/baby\/wp-json\/wp\/v2\/posts\/5678\/revisions"}],"predecessor-version":[{"id":5679,"href":"https:\/\/lasalamandra.eu\/baby\/wp-json\/wp\/v2\/posts\/5678\/revisions\/5679"}],"wp:featuredmedia":[{"embeddable":true,"href":"https:\/\/lasalamandra.eu\/baby\/wp-json\/wp\/v2\/media\/2515"}],"wp:attachment":[{"href":"https:\/\/lasalamandra.eu\/baby\/wp-json\/wp\/v2\/media?parent=5678"}],"wp:term":[{"taxonomy":"category","embeddable":true,"href":"https:\/\/lasalamandra.eu\/baby\/wp-json\/wp\/v2\/categories?post=5678"},{"taxonomy":"post_tag","embeddable":true,"href":"https:\/\/lasalamandra.eu\/baby\/wp-json\/wp\/v2\/tags?post=5678"}],"curies":[{"name":"wp","href":"https:\/\/api.w.org\/{rel}","templated":true}]}}