{"id":5521,"date":"2026-03-31T09:29:45","date_gmt":"2026-03-31T07:29:45","guid":{"rendered":"https:\/\/lasalamandra.eu\/baby\/?p=5521"},"modified":"2026-03-31T09:29:47","modified_gmt":"2026-03-31T07:29:47","slug":"equilibri-di-famiglia","status":"publish","type":"post","link":"https:\/\/lasalamandra.eu\/baby\/2026\/03\/31\/equilibri-di-famiglia\/","title":{"rendered":"EquiLibri di famiglia"},"content":{"rendered":"\n<h2 class=\"wp-block-heading\"><strong>Quando un festival diventa esperienza condivisa<\/strong><\/h2>\n\n\n<div class=\"wp-block-image\">\n<figure class=\"alignright size-full is-resized\"><img decoding=\"async\" loading=\"lazy\" width=\"907\" height=\"752\" src=\"https:\/\/lasalamandra.eu\/baby\/wp-content\/uploads\/sites\/2\/2026\/03\/equilibri-di-famiglia-2026-4.jpg\" alt=\"\" class=\"wp-image-5523\" style=\"aspect-ratio:1.2061170212765957;width:442px;height:auto\" srcset=\"https:\/\/lasalamandra.eu\/baby\/wp-content\/uploads\/sites\/2\/2026\/03\/equilibri-di-famiglia-2026-4.jpg 907w, https:\/\/lasalamandra.eu\/baby\/wp-content\/uploads\/sites\/2\/2026\/03\/equilibri-di-famiglia-2026-4-300x249.jpg 300w, https:\/\/lasalamandra.eu\/baby\/wp-content\/uploads\/sites\/2\/2026\/03\/equilibri-di-famiglia-2026-4-768x637.jpg 768w, https:\/\/lasalamandra.eu\/baby\/wp-content\/uploads\/sites\/2\/2026\/03\/equilibri-di-famiglia-2026-4-696x577.jpg 696w, https:\/\/lasalamandra.eu\/baby\/wp-content\/uploads\/sites\/2\/2026\/03\/equilibri-di-famiglia-2026-4-507x420.jpg 507w\" sizes=\"(max-width: 907px) 100vw, 907px\" \/><\/figure><\/div>\n\n\n<p>Cosa succede quando una citt\u00e0 si ferma per qualche giorno a riflettere su famiglia, educazione e relazioni? Succede che le storie si intrecciano, le domande trovano spazio e anche le fragilit\u00e0 diventano occasione di dialogo. \u00c8 quello che si \u00e8 respirato a Treviso durante la seconda edizione del Festival <strong><em>EquiLibri di famiglia<\/em><\/strong>, ideato e promosso dall\u2019associazione Famiglie 2000 aps in collaborazione con UBIK Treviso, un appuntamento che sta rapidamente diventando un punto di riferimento per genitori, educatori e chiunque abbia a cuore il futuro delle nuove generazioni.<\/p>\n\n\n\n<p>Dal 10 al 15 marzo 2026, la citt\u00e0 si \u00e8 trasformata in un laboratorio diffuso di idee e incontri. Oltre cinquecento persone hanno partecipato agli eventi in presenza, ma il vero dato che colpisce \u00e8 l\u2019energia che si \u00e8 creata: un clima di ascolto e condivisione che raramente si incontra in contesti pubblici.<\/p>\n\n\n\n<h3 class=\"wp-block-heading\"><a><\/a><strong>Un festival che parla il linguaggio delle famiglie<\/strong><\/h3>\n\n\n\n<p>Uno degli aspetti pi\u00f9 apprezzati di questa edizione \u00e8 stata la variet\u00e0 dei linguaggi proposti. Non solo presentazioni di libri, ma anche performance, mostre fotografiche, momenti di confronto e attivit\u00e0 dedicate ai pi\u00f9 piccoli.<\/p>\n\n\n\n<p>L\u2019apertura con la riflessione di Enrico Galiano sull\u2019\u201celogio dell\u2019errore\u201d ha subito dato il tono: un invito, soprattutto per i genitori, a ripensare il modo in cui si guarda ai fallimenti, propri e dei figli. Non come ostacoli, ma come passaggi necessari per crescere.<\/p>\n\n\n\n<p>Molto toccanti anche le testimonianze personali, come quella di Valentina Mastroianni, capaci di portare sul palco emozioni autentiche e temi complessi come la maternit\u00e0, la fragilit\u00e0 e il cambiamento. Accanto a queste, il convegno dedicato al futuro dei giovani ha offerto uno sguardo pi\u00f9 ampio, aiutando a collegare le dinamiche familiari ai grandi mutamenti sociali.<\/p>\n\n\n\n<h3 class=\"wp-block-heading\"><a><\/a><strong>Spazi per tutte le et\u00e0 (e per tutte le domande)<\/strong><\/h3>\n\n\n\n<p>Una delle novit\u00e0 pi\u00f9 riuscite \u00e8 stata l\u2019attenzione ai bambini. I laboratori per l\u2019infanzia e gli spazi pensati per i pi\u00f9 piccoli hanno reso il festival davvero inclusivo, permettendo alle famiglie di viverlo insieme, senza dover \u201cdividere\u201d tempi e interessi.<\/p>\n\n\n\n<p>Anche la mostra fotografica Mater Fortis ha contribuito a creare un\u2019esperienza immersiva, capace di parlare senza parole e di stimolare riflessioni profonde sul ruolo dei genitori oggi.<\/p>\n\n\n\n<p>Il festival si \u00e8 sviluppato in diversi luoghi della citt\u00e0 \u2013 dall\u2019Auditorium S. Caterina alla Biblioteca BRAT, dalla Libreria UBIK fino al Museo dei Bambini&nbsp; \u2013 trasformando Treviso in una rete di incontri e possibilit\u00e0. Un modo concreto per portare la cultura fuori dai contesti tradizionali e renderla accessibile.<\/p>\n\n\n\n<h3 class=\"wp-block-heading\"><a><\/a><strong>Perch\u00e9 questo festival parla ai genitori di oggi<\/strong><\/h3>\n\n\n\n<p>Il successo crescente di EquiLibri di famiglia racconta qualcosa di importante: c\u2019\u00e8 un bisogno reale di confronto. I genitori cercano spazi in cui poter ascoltare, condividere dubbi, trovare nuove chiavi di lettura.<\/p>\n\n\n\n<p>In un tempo in cui tutto sembra accelerare, fermarsi a riflettere su temi come l\u2019educazione, le relazioni e il futuro dei figli diventa quasi un atto rivoluzionario.<\/p>\n\n\n\n<p>Il festival ha mostrato che non esistono risposte semplici, ma esiste una comunit\u00e0 pronta a interrogarsi insieme. E forse \u00e8 proprio questo il suo valore pi\u00f9 grande: non offrire soluzioni preconfezionate, ma creare connessioni, relazioni, legami.<\/p>\n\n\n\n<h3 class=\"wp-block-heading\"><a><\/a><strong>Uno sguardo al futuro<\/strong><\/h3>\n\n\n\n<p>Con numeri in crescita e una partecipazione sempre pi\u00f9 attiva, EquiLibri di famiglia guarda gi\u00e0 alla prossima edizione. Ma al di l\u00e0 dei dati, ci\u00f2 che resta \u00e8 l\u2019esperienza: quella di genitori che escono da un incontro con una domanda in pi\u00f9, o magari con un\u2019idea nuova da portare a casa. Perch\u00e9, in fondo, educare \u00e8 anche questo: continuare a mettersi in discussione, insieme.<\/p>\n\n\n\n<p class=\"has-text-align-right\">Serafino Pitingaro<br>Presidente Associazione Famiglie 2000 APS<\/p>\n","protected":false},"excerpt":{"rendered":"<p>Quando un festival diventa esperienza condivisa Cosa succede quando una citt\u00e0 si ferma per qualche giorno a riflettere su famiglia, educazione e relazioni? Succede che le storie si intrecciano, le domande trovano spazio e anche le fragilit\u00e0 diventano occasione di dialogo. \u00c8 quello che si \u00e8 respirato a Treviso durante la seconda edizione del Festival [&hellip;]<\/p>\n","protected":false},"author":3,"featured_media":5522,"comment_status":"open","ping_status":"open","sticky":false,"template":"","format":"standard","meta":{"footnotes":""},"categories":[18,21],"tags":[],"acf":[],"_links":{"self":[{"href":"https:\/\/lasalamandra.eu\/baby\/wp-json\/wp\/v2\/posts\/5521"}],"collection":[{"href":"https:\/\/lasalamandra.eu\/baby\/wp-json\/wp\/v2\/posts"}],"about":[{"href":"https:\/\/lasalamandra.eu\/baby\/wp-json\/wp\/v2\/types\/post"}],"author":[{"embeddable":true,"href":"https:\/\/lasalamandra.eu\/baby\/wp-json\/wp\/v2\/users\/3"}],"replies":[{"embeddable":true,"href":"https:\/\/lasalamandra.eu\/baby\/wp-json\/wp\/v2\/comments?post=5521"}],"version-history":[{"count":1,"href":"https:\/\/lasalamandra.eu\/baby\/wp-json\/wp\/v2\/posts\/5521\/revisions"}],"predecessor-version":[{"id":5524,"href":"https:\/\/lasalamandra.eu\/baby\/wp-json\/wp\/v2\/posts\/5521\/revisions\/5524"}],"wp:featuredmedia":[{"embeddable":true,"href":"https:\/\/lasalamandra.eu\/baby\/wp-json\/wp\/v2\/media\/5522"}],"wp:attachment":[{"href":"https:\/\/lasalamandra.eu\/baby\/wp-json\/wp\/v2\/media?parent=5521"}],"wp:term":[{"taxonomy":"category","embeddable":true,"href":"https:\/\/lasalamandra.eu\/baby\/wp-json\/wp\/v2\/categories?post=5521"},{"taxonomy":"post_tag","embeddable":true,"href":"https:\/\/lasalamandra.eu\/baby\/wp-json\/wp\/v2\/tags?post=5521"}],"curies":[{"name":"wp","href":"https:\/\/api.w.org\/{rel}","templated":true}]}}