{"id":4707,"date":"2025-04-07T09:35:54","date_gmt":"2025-04-07T07:35:54","guid":{"rendered":"https:\/\/lasalamandra.eu\/baby\/?p=4707"},"modified":"2025-04-07T09:35:55","modified_gmt":"2025-04-07T07:35:55","slug":"arte-fiera-dolomiti","status":"publish","type":"post","link":"https:\/\/lasalamandra.eu\/baby\/2025\/04\/07\/arte-fiera-dolomiti\/","title":{"rendered":"Piccoli artisti crescono"},"content":{"rendered":"\n<h2 class=\"wp-block-heading\"><strong>Le classi 4\u00b0 e 5\u00b0 della scuola Valeri premiate ad Arte Fiera Dolomiti<\/strong><strong><\/strong><\/h2>\n\n\n\n<p>Domenica 23 febbraio, si \u00e8 conclusa, a Longarone, la XX edizione di Arte Fiera Dolomiti<strong>, <\/strong>che ha visto la partecipazione di numerosi artisti contemporanei provenienti dal nord-est d\u2019Italia e dall\u2019Austria.<\/p>\n\n\n\n<p>Uno dei momenti pi\u00f9 emozionanti della cerimonia conclusiva \u00e8 stata la consegna del premio agli alunni di classe quarta e quinta della scuola primaria Valeri, dell&#8217;Istituto Comprensivo \u201cL. Coletti\u201d, in riconoscimento ai lavori esposti nella rassegna.<\/p>\n\n\n\n<p>La segnalazione speciale della giuria e la consegna di materiale per le attivit\u00e0 di arte a scuola, rappresentano un riconoscimento \u201cdella creativit\u00e0 e della crescita artistica delle nuove generazioni\u201d, come affermato da Franco Fonzo, direttore artistico di Arte Fiera Dolomiti.<\/p>\n\n\n\n<figure class=\"wp-block-gallery has-nested-images columns-default is-cropped wp-block-gallery-1 is-layout-flex wp-block-gallery-is-layout-flex\">\n<figure class=\"wp-block-image size-large\"><img decoding=\"async\" loading=\"lazy\" width=\"850\" height=\"478\" data-id=\"4715\" src=\"https:\/\/lasalamandra.eu\/baby\/wp-content\/uploads\/sites\/2\/2025\/04\/valeri-arte-in-fiera-3.jpg\" alt=\"\" class=\"wp-image-4715\" srcset=\"https:\/\/lasalamandra.eu\/baby\/wp-content\/uploads\/sites\/2\/2025\/04\/valeri-arte-in-fiera-3.jpg 850w, https:\/\/lasalamandra.eu\/baby\/wp-content\/uploads\/sites\/2\/2025\/04\/valeri-arte-in-fiera-3-300x169.jpg 300w, https:\/\/lasalamandra.eu\/baby\/wp-content\/uploads\/sites\/2\/2025\/04\/valeri-arte-in-fiera-3-768x432.jpg 768w, https:\/\/lasalamandra.eu\/baby\/wp-content\/uploads\/sites\/2\/2025\/04\/valeri-arte-in-fiera-3-696x391.jpg 696w, https:\/\/lasalamandra.eu\/baby\/wp-content\/uploads\/sites\/2\/2025\/04\/valeri-arte-in-fiera-3-747x420.jpg 747w\" sizes=\"(max-width: 850px) 100vw, 850px\" \/><\/figure>\n\n\n\n<figure class=\"wp-block-image size-large\"><img decoding=\"async\" loading=\"lazy\" width=\"850\" height=\"478\" data-id=\"4714\" src=\"https:\/\/lasalamandra.eu\/baby\/wp-content\/uploads\/sites\/2\/2025\/04\/valeri-arte-in-fiera-2.jpg\" alt=\"\" class=\"wp-image-4714\" srcset=\"https:\/\/lasalamandra.eu\/baby\/wp-content\/uploads\/sites\/2\/2025\/04\/valeri-arte-in-fiera-2.jpg 850w, https:\/\/lasalamandra.eu\/baby\/wp-content\/uploads\/sites\/2\/2025\/04\/valeri-arte-in-fiera-2-300x169.jpg 300w, https:\/\/lasalamandra.eu\/baby\/wp-content\/uploads\/sites\/2\/2025\/04\/valeri-arte-in-fiera-2-768x432.jpg 768w, https:\/\/lasalamandra.eu\/baby\/wp-content\/uploads\/sites\/2\/2025\/04\/valeri-arte-in-fiera-2-696x391.jpg 696w, https:\/\/lasalamandra.eu\/baby\/wp-content\/uploads\/sites\/2\/2025\/04\/valeri-arte-in-fiera-2-747x420.jpg 747w\" sizes=\"(max-width: 850px) 100vw, 850px\" \/><\/figure>\n\n\n\n<figure class=\"wp-block-image size-large\"><img decoding=\"async\" loading=\"lazy\" width=\"756\" height=\"425\" data-id=\"4713\" src=\"https:\/\/lasalamandra.eu\/baby\/wp-content\/uploads\/sites\/2\/2025\/04\/valeri-arte-in-fiera-1.jpg\" alt=\"\" class=\"wp-image-4713\" srcset=\"https:\/\/lasalamandra.eu\/baby\/wp-content\/uploads\/sites\/2\/2025\/04\/valeri-arte-in-fiera-1.jpg 756w, https:\/\/lasalamandra.eu\/baby\/wp-content\/uploads\/sites\/2\/2025\/04\/valeri-arte-in-fiera-1-300x169.jpg 300w, https:\/\/lasalamandra.eu\/baby\/wp-content\/uploads\/sites\/2\/2025\/04\/valeri-arte-in-fiera-1-696x391.jpg 696w, https:\/\/lasalamandra.eu\/baby\/wp-content\/uploads\/sites\/2\/2025\/04\/valeri-arte-in-fiera-1-747x420.jpg 747w\" sizes=\"(max-width: 756px) 100vw, 756px\" \/><\/figure>\n<\/figure>\n\n\n\n<p>Presenziare ad una mostra cos\u00ec importante con i propri lavori, ha consentito ai nostri bambini di avvicinarsi al mondo dell\u2019arte: conoscere ed ascoltare artisti esperti, ma soprattutto ammirare le diverse forme di bellezza che l\u2019uomo pu\u00f2 creare con le sue mani.<\/p>\n\n\n\n<p>Le \u201cmani perdute\u201d \u00e8 il titolo di questa XX edizione di Arte Fiera Dolomiti e richiama simbolicamente alla necessit\u00e0 di sperimentare la manualit\u00e0, l\u2019espressivit\u00e0 e la creativit\u00e0 sempre pi\u00f9 attivamente: una dimensione che nella societ\u00e0 odierna tende a scomparire.<\/p>\n\n\n\n<p>I dipinti dal titolo \u201cTra i rami\u201d (classe 4\u00b0) e \u201cI gatti sui tetti\u201d (classe 5\u00b0) sono stati realizzati dai bambini con l\u2019utilizzo di acquerelli e pastelli acquerellabili. E\u2019 possibile visionare i lavori e conoscere nel dettaglio le modalit\u00e0 di realizzazione in classe accedendo al sito della mostra, nella sezione \u201cespositori\u201d e cliccando su <a href=\"https:\/\/virtual.arteinfiera.it\/archivio\/scuola-primaria-c-collodi\">San Liberale Arte &#8211; Scuola primaria IC5 &#8211; D.Valeri<\/a>.<\/p>\n\n\n\n<p>Si ringraziano in particolar modo Franco Fonzo e i membri della giuria: i maestri Ferruccio Gard e Vico Calabr\u00f2, la dott.ssa Serenella Minto, Ornella Murer del Museo Murer di Falcade.<\/p>\n\n\n\n<p class=\"has-text-align-right\">Ins. Elisa Tortora e Ivana Vitale<\/p>\n\n\n<div class=\"wp-block-image\">\n<figure class=\"aligncenter size-full\"><img decoding=\"async\" loading=\"lazy\" width=\"586\" height=\"794\" src=\"https:\/\/lasalamandra.eu\/baby\/wp-content\/uploads\/sites\/2\/2025\/04\/Tra-i-rami.jpg\" alt=\"\" class=\"wp-image-4717\" srcset=\"https:\/\/lasalamandra.eu\/baby\/wp-content\/uploads\/sites\/2\/2025\/04\/Tra-i-rami.jpg 586w, https:\/\/lasalamandra.eu\/baby\/wp-content\/uploads\/sites\/2\/2025\/04\/Tra-i-rami-221x300.jpg 221w, https:\/\/lasalamandra.eu\/baby\/wp-content\/uploads\/sites\/2\/2025\/04\/Tra-i-rami-310x420.jpg 310w\" sizes=\"(max-width: 586px) 100vw, 586px\" \/><figcaption class=\"wp-element-caption\">Primaria Valeri &#8211; classe quarta 2024-25 &#8211; TRA I RAMI<\/figcaption><\/figure><\/div>\n\n<div class=\"wp-block-image\">\n<figure class=\"aligncenter size-full\"><img decoding=\"async\" loading=\"lazy\" width=\"917\" height=\"757\" src=\"https:\/\/lasalamandra.eu\/baby\/wp-content\/uploads\/sites\/2\/2025\/04\/I-gatti-sui-tetti.jpg\" alt=\"\" class=\"wp-image-4716\" srcset=\"https:\/\/lasalamandra.eu\/baby\/wp-content\/uploads\/sites\/2\/2025\/04\/I-gatti-sui-tetti.jpg 917w, https:\/\/lasalamandra.eu\/baby\/wp-content\/uploads\/sites\/2\/2025\/04\/I-gatti-sui-tetti-300x248.jpg 300w, https:\/\/lasalamandra.eu\/baby\/wp-content\/uploads\/sites\/2\/2025\/04\/I-gatti-sui-tetti-768x634.jpg 768w, https:\/\/lasalamandra.eu\/baby\/wp-content\/uploads\/sites\/2\/2025\/04\/I-gatti-sui-tetti-696x575.jpg 696w, https:\/\/lasalamandra.eu\/baby\/wp-content\/uploads\/sites\/2\/2025\/04\/I-gatti-sui-tetti-509x420.jpg 509w\" sizes=\"(max-width: 917px) 100vw, 917px\" \/><figcaption class=\"wp-element-caption\">Primaria Valeri &#8211; classe quinta 2024-25 &#8211; I GATTI SUI TETTI<\/figcaption><\/figure><\/div>","protected":false},"excerpt":{"rendered":"<p>Le classi 4\u00b0 e 5\u00b0 della scuola Valeri premiate ad Arte Fiera Dolomiti Domenica 23 febbraio, si \u00e8 conclusa, a Longarone, la XX edizione di Arte Fiera Dolomiti, che ha visto la partecipazione di numerosi artisti contemporanei provenienti dal nord-est d\u2019Italia e dall\u2019Austria. Uno dei momenti pi\u00f9 emozionanti della cerimonia conclusiva \u00e8 stata la consegna [&hellip;]<\/p>\n","protected":false},"author":3,"featured_media":4717,"comment_status":"open","ping_status":"open","sticky":false,"template":"","format":"standard","meta":{"footnotes":""},"categories":[26,24,22,23],"tags":[],"acf":[],"_links":{"self":[{"href":"https:\/\/lasalamandra.eu\/baby\/wp-json\/wp\/v2\/posts\/4707"}],"collection":[{"href":"https:\/\/lasalamandra.eu\/baby\/wp-json\/wp\/v2\/posts"}],"about":[{"href":"https:\/\/lasalamandra.eu\/baby\/wp-json\/wp\/v2\/types\/post"}],"author":[{"embeddable":true,"href":"https:\/\/lasalamandra.eu\/baby\/wp-json\/wp\/v2\/users\/3"}],"replies":[{"embeddable":true,"href":"https:\/\/lasalamandra.eu\/baby\/wp-json\/wp\/v2\/comments?post=4707"}],"version-history":[{"count":1,"href":"https:\/\/lasalamandra.eu\/baby\/wp-json\/wp\/v2\/posts\/4707\/revisions"}],"predecessor-version":[{"id":4718,"href":"https:\/\/lasalamandra.eu\/baby\/wp-json\/wp\/v2\/posts\/4707\/revisions\/4718"}],"wp:featuredmedia":[{"embeddable":true,"href":"https:\/\/lasalamandra.eu\/baby\/wp-json\/wp\/v2\/media\/4717"}],"wp:attachment":[{"href":"https:\/\/lasalamandra.eu\/baby\/wp-json\/wp\/v2\/media?parent=4707"}],"wp:term":[{"taxonomy":"category","embeddable":true,"href":"https:\/\/lasalamandra.eu\/baby\/wp-json\/wp\/v2\/categories?post=4707"},{"taxonomy":"post_tag","embeddable":true,"href":"https:\/\/lasalamandra.eu\/baby\/wp-json\/wp\/v2\/tags?post=4707"}],"curies":[{"name":"wp","href":"https:\/\/api.w.org\/{rel}","templated":true}]}}