{"id":4689,"date":"2025-04-07T04:35:30","date_gmt":"2025-04-07T02:35:30","guid":{"rendered":"https:\/\/lasalamandra.eu\/baby\/?p=4689"},"modified":"2025-04-07T04:35:32","modified_gmt":"2025-04-07T02:35:32","slug":"giornate-dello-sport","status":"publish","type":"post","link":"https:\/\/lasalamandra.eu\/baby\/2025\/04\/07\/giornate-dello-sport\/","title":{"rendered":"Giornate dello sport"},"content":{"rendered":"<div class=\"wp-block-image\">\n<figure class=\"alignleft size-full is-resized\"><img decoding=\"async\" loading=\"lazy\" width=\"680\" height=\"780\" src=\"https:\/\/lasalamandra.eu\/baby\/wp-content\/uploads\/sites\/2\/2025\/04\/giornata-sport-dosson2.jpg\" alt=\"\" class=\"wp-image-4691\" style=\"aspect-ratio:0.8717948717948718;width:410px;height:auto\" srcset=\"https:\/\/lasalamandra.eu\/baby\/wp-content\/uploads\/sites\/2\/2025\/04\/giornata-sport-dosson2.jpg 680w, https:\/\/lasalamandra.eu\/baby\/wp-content\/uploads\/sites\/2\/2025\/04\/giornata-sport-dosson2-262x300.jpg 262w, https:\/\/lasalamandra.eu\/baby\/wp-content\/uploads\/sites\/2\/2025\/04\/giornata-sport-dosson2-366x420.jpg 366w\" sizes=\"(max-width: 680px) 100vw, 680px\" \/><\/figure><\/div>\n\n\n<p><strong>Alla Scuola dell\u2019Infanzia \u201cSan Pio X\u201d<\/strong><\/p>\n\n\n\n<p>Il 6 e 7 febbraio si sono svolte, presso la nostra scuola dell\u2019infanzia, le attesissime <em>Giornate dello Sport<\/em>: due mattinate speciali dedicate al movimento, alla scoperta e al divertimento.<\/p>\n\n\n\n<p>I bambini, con il loro entusiasmo travolgente e la loro curiosit\u00e0 innata, hanno avuto l&#8217;opportunit\u00e0 di avvicinarsi a diverse discipline sportive. Dalla grazia della ginnastica artistica alla forza del rugby, dal ritmo del gioco danza al benessere dello yoga, senza dimenticare l\u2019importanza dell\u2019attivit\u00e0 motoria: ogni proposta \u00e8 stata un\u2019occasione per mettersi in gioco, sperimentare e crescere attraverso il corpo.<\/p>\n\n\n\n<p>Un sentito grazie di cuore alla Polisportiva di Casier, al Rugby Casale, a Passione Danza e a tutti gli esperti che con passione, professionalit\u00e0 e disponibilit\u00e0 hanno guidato i nostri piccoli atleti in queste belle esperienze. Il loro contributo \u00e8 stato prezioso per rendere queste giornate davvero indimenticabili.<\/p>\n\n\n\n<p>Lo sport, anche per i pi\u00f9 piccoli, \u00e8 una straordinaria occasione di crescita\u2026 e noi non vediamo l\u2019ora di ripetere l\u2019esperienza!<\/p>\n\n\n\n<p class=\"has-text-align-right\">Scuola dell\u2019Infanzia San Pio X di Dosson di Casier<\/p>\n","protected":false},"excerpt":{"rendered":"<p>Alla Scuola dell\u2019Infanzia \u201cSan Pio X\u201d Il 6 e 7 febbraio si sono svolte, presso la nostra scuola dell\u2019infanzia, le attesissime Giornate dello Sport: due mattinate speciali dedicate al movimento, alla scoperta e al divertimento. I bambini, con il loro entusiasmo travolgente e la loro curiosit\u00e0 innata, hanno avuto l&#8217;opportunit\u00e0 di avvicinarsi a diverse discipline [&hellip;]<\/p>\n","protected":false},"author":3,"featured_media":4690,"comment_status":"open","ping_status":"open","sticky":false,"template":"","format":"standard","meta":{"footnotes":""},"categories":[18,24,20,22],"tags":[],"acf":[],"_links":{"self":[{"href":"https:\/\/lasalamandra.eu\/baby\/wp-json\/wp\/v2\/posts\/4689"}],"collection":[{"href":"https:\/\/lasalamandra.eu\/baby\/wp-json\/wp\/v2\/posts"}],"about":[{"href":"https:\/\/lasalamandra.eu\/baby\/wp-json\/wp\/v2\/types\/post"}],"author":[{"embeddable":true,"href":"https:\/\/lasalamandra.eu\/baby\/wp-json\/wp\/v2\/users\/3"}],"replies":[{"embeddable":true,"href":"https:\/\/lasalamandra.eu\/baby\/wp-json\/wp\/v2\/comments?post=4689"}],"version-history":[{"count":1,"href":"https:\/\/lasalamandra.eu\/baby\/wp-json\/wp\/v2\/posts\/4689\/revisions"}],"predecessor-version":[{"id":4692,"href":"https:\/\/lasalamandra.eu\/baby\/wp-json\/wp\/v2\/posts\/4689\/revisions\/4692"}],"wp:featuredmedia":[{"embeddable":true,"href":"https:\/\/lasalamandra.eu\/baby\/wp-json\/wp\/v2\/media\/4690"}],"wp:attachment":[{"href":"https:\/\/lasalamandra.eu\/baby\/wp-json\/wp\/v2\/media?parent=4689"}],"wp:term":[{"taxonomy":"category","embeddable":true,"href":"https:\/\/lasalamandra.eu\/baby\/wp-json\/wp\/v2\/categories?post=4689"},{"taxonomy":"post_tag","embeddable":true,"href":"https:\/\/lasalamandra.eu\/baby\/wp-json\/wp\/v2\/tags?post=4689"}],"curies":[{"name":"wp","href":"https:\/\/api.w.org\/{rel}","templated":true}]}}