{"id":4632,"date":"2025-04-06T18:57:18","date_gmt":"2025-04-06T16:57:18","guid":{"rendered":"https:\/\/lasalamandra.eu\/baby\/?p=4632"},"modified":"2025-04-06T18:57:19","modified_gmt":"2025-04-06T16:57:19","slug":"il-giardino-di-rita","status":"publish","type":"post","link":"https:\/\/lasalamandra.eu\/baby\/2025\/04\/06\/il-giardino-di-rita\/","title":{"rendered":"Il giardino di Rita"},"content":{"rendered":"\n<h2 class=\"wp-block-heading\"><strong>Michelangelo Rossato e Francesca Corso<\/strong><\/h2>\n\n\n\n<h2 class=\"wp-block-heading\">Un albo illustrato che intreccia semplicit\u00e0 e poesia per parlare di perdita, lutto e trasformazione<\/h2>\n\n\n\n<figure class=\"wp-block-image alignleft size-full is-resized\"><img decoding=\"async\" loading=\"lazy\" width=\"493\" height=\"709\" src=\"https:\/\/lasalamandra.eu\/baby\/wp-content\/uploads\/sites\/2\/2025\/04\/Il-giardino-di-Rita-COVER-WEB-HR.jpg\" alt=\"Illustrazione onirica di Sofia e la gatta Rita tra i fiori\n\" class=\"wp-image-4631\" style=\"aspect-ratio:0.6953455571227081;width:251px;height:auto\" srcset=\"https:\/\/lasalamandra.eu\/baby\/wp-content\/uploads\/sites\/2\/2025\/04\/Il-giardino-di-Rita-COVER-WEB-HR.jpg 493w, https:\/\/lasalamandra.eu\/baby\/wp-content\/uploads\/sites\/2\/2025\/04\/Il-giardino-di-Rita-COVER-WEB-HR-209x300.jpg 209w, https:\/\/lasalamandra.eu\/baby\/wp-content\/uploads\/sites\/2\/2025\/04\/Il-giardino-di-Rita-COVER-WEB-HR-292x420.jpg 292w\" sizes=\"(max-width: 493px) 100vw, 493px\" \/><\/figure>\n\n\n\n<p>Un picture book pulito, limpido, delicato nel dar voce alle domande che i bambini hanno davanti alla morte, con illustrazioni oniriche e raffinate sui toni del rosso e del blu, selezionate quest\u2019anno tra le finaliste alla Mostra Illustratori della Bologna Children\u2019s Book Fair. Una storia che apre una luminosa finestra sul ciclo della vita e su come, alla fine, tutto si muove e cambia.<\/p>\n\n\n\n<h2 class=\"wp-block-heading\">Il legame tra Sofia e la gatta Rita<\/h2>\n\n\n\n<p>Quando Sofia va a casa di zio Michele, la gatta Rita l\u2019accoglie con rumorose fusa e grande gioia. Le due si rincorrono e giocano insieme e le mani di Sofia sono sempre pronte ad accarezzare il soffice manto di Rita.<br>Una mattina, per\u00f2, la micia non le va incontro e Sofia e lo zio la trovano al centro del giardino, immobile, che sembra dormire un sonno profondo. Rita \u00e8 l\u00ec, eppure \u00e8 come se non ci fosse.<br>Manca tutto di lei. \u00c8 strano vederla cos\u00ec.<\/p>\n\n\n\n<h2 class=\"wp-block-heading\">Le domande difficili dei bambini<\/h2>\n\n\n\n<p>\u00abRita non \u00e8 pi\u00f9 qui\u00bb le dice zio Michele.<br>\u00abCosa vuol dire zio? Ma io la vedo, \u00e8 proprio davanti a noi!\u00bb<br>\u00abQui c\u2019\u00e8 solo il suo corpicino, ma Rita \u00e8 altrove\u00bb risponde lo zio con parole misteriose.<\/p>\n\n\n\n<h2 class=\"wp-block-heading\">Un addio dolce e silenzioso<\/h2>\n\n\n\n<p>I due cercano un angolino tranquillo tra i fiori per far riposare Rita e chiss\u00e0 che un giorno la gatta non trovi un modo, gentile e silenzioso, per far sentire ancora alla sua famiglia la sua presenza\u2026<\/p>\n\n\n\n<h2 class=\"wp-block-heading\">Un&#8217;esperienza universale raccontata con rispetto<\/h2>\n\n\n\n<p>Un albo illustrato che con semplicit\u00e0 e delicatezza racconta un\u2019esperienza universale, trattandola con grande rispetto per i bambini e per la loro percezione del mondo.<br>Attraverso un testo limpido e lieve, l\u2019autore d\u00e0 voce alle domande che i pi\u00f9 piccoli si pongono davanti alla morte e non ha timore di mostrare come ci siano casi in cui neanche gli adulti hanno tutte le risposte.<\/p>\n\n\n\n<h2 class=\"wp-block-heading\">Parole e immagini in perfetto equilibrio<\/h2>\n\n\n\n<p>Un picture book raffinato che unisce la scrittura avvolgente di Michelangelo Rossato con le soffuse illustrazioni di Francesca Corso, che galleggiano tra i toni del rosso e del blu, creando un\u2019atmosfera ovattata e sospesa in costante dialogo con la narrazione e le forti emozioni provate dai personaggi.<br>Le oniriche illustrazioni di questo libro sono state selezionate come finaliste alla Mostra Illustratori della Bologna Children\u2019s Book Fair 2025.<\/p>\n","protected":false},"excerpt":{"rendered":"<p>Michelangelo Rossato e Francesca Corso Un albo illustrato che intreccia semplicit\u00e0 e poesia per parlare di perdita, lutto e trasformazione Un picture book pulito, limpido, delicato nel dar voce alle domande che i bambini hanno davanti alla morte, con illustrazioni oniriche e raffinate sui toni del rosso e del blu, selezionate quest\u2019anno tra le finaliste [&hellip;]<\/p>\n","protected":false},"author":3,"featured_media":4630,"comment_status":"open","ping_status":"open","sticky":false,"template":"","format":"standard","meta":{"footnotes":""},"categories":[25,15],"tags":[],"acf":[],"_links":{"self":[{"href":"https:\/\/lasalamandra.eu\/baby\/wp-json\/wp\/v2\/posts\/4632"}],"collection":[{"href":"https:\/\/lasalamandra.eu\/baby\/wp-json\/wp\/v2\/posts"}],"about":[{"href":"https:\/\/lasalamandra.eu\/baby\/wp-json\/wp\/v2\/types\/post"}],"author":[{"embeddable":true,"href":"https:\/\/lasalamandra.eu\/baby\/wp-json\/wp\/v2\/users\/3"}],"replies":[{"embeddable":true,"href":"https:\/\/lasalamandra.eu\/baby\/wp-json\/wp\/v2\/comments?post=4632"}],"version-history":[{"count":1,"href":"https:\/\/lasalamandra.eu\/baby\/wp-json\/wp\/v2\/posts\/4632\/revisions"}],"predecessor-version":[{"id":4633,"href":"https:\/\/lasalamandra.eu\/baby\/wp-json\/wp\/v2\/posts\/4632\/revisions\/4633"}],"wp:featuredmedia":[{"embeddable":true,"href":"https:\/\/lasalamandra.eu\/baby\/wp-json\/wp\/v2\/media\/4630"}],"wp:attachment":[{"href":"https:\/\/lasalamandra.eu\/baby\/wp-json\/wp\/v2\/media?parent=4632"}],"wp:term":[{"taxonomy":"category","embeddable":true,"href":"https:\/\/lasalamandra.eu\/baby\/wp-json\/wp\/v2\/categories?post=4632"},{"taxonomy":"post_tag","embeddable":true,"href":"https:\/\/lasalamandra.eu\/baby\/wp-json\/wp\/v2\/tags?post=4632"}],"curies":[{"name":"wp","href":"https:\/\/api.w.org\/{rel}","templated":true}]}}