{"id":4450,"date":"2025-01-08T11:52:51","date_gmt":"2025-01-08T10:52:51","guid":{"rendered":"https:\/\/lasalamandra.eu\/baby\/?p=4450"},"modified":"2025-01-08T11:52:52","modified_gmt":"2025-01-08T10:52:52","slug":"scuola-primaria-anna-frank","status":"publish","type":"post","link":"https:\/\/lasalamandra.eu\/baby\/2025\/01\/08\/scuola-primaria-anna-frank\/","title":{"rendered":"Scuola Primaria &#8220;Anna Frank&#8221;"},"content":{"rendered":"\n<p><strong><mark style=\"background-color:#ffffff\" class=\"has-inline-color has-vivid-cyan-blue-color\">DATI GENERICI<\/mark><\/strong><\/p>\n\n\n\n<p><strong>Nome:<\/strong>\u00a0Scuola Primaria \u201cAnna Frank\u201d \u2013 IC Treviso 3 \u201cG.G. Felissent\u201d<br><strong>Tipologia:<\/strong>\u00a0scuola statale<br><strong>Indirizzo:<\/strong>\u00a0via A. L. Tandura n. 3, Treviso<br><strong>Telefono:<\/strong>\u00a00422 401220<br><strong>Sito internet:<\/strong>\u00a0<a href=\"https:\/\/www.ic3felissent.edu.it\" target=\"_blank\" rel=\"noreferrer noopener\">https:\/\/www.ic3felissent.edu.it<\/a><\/p>\n\n\n\n<figure class=\"wp-block-gallery has-nested-images columns-default is-cropped wp-block-gallery-1 is-layout-flex wp-block-gallery-is-layout-flex\">\n<figure class=\"wp-block-image size-large\"><img decoding=\"async\" loading=\"lazy\" width=\"643\" height=\"480\" data-id=\"4451\" src=\"https:\/\/lasalamandra.eu\/baby\/wp-content\/uploads\/sites\/2\/2025\/01\/primaria-frank-1.jpg\" alt=\"\" class=\"wp-image-4451\" srcset=\"https:\/\/lasalamandra.eu\/baby\/wp-content\/uploads\/sites\/2\/2025\/01\/primaria-frank-1.jpg 643w, https:\/\/lasalamandra.eu\/baby\/wp-content\/uploads\/sites\/2\/2025\/01\/primaria-frank-1-300x224.jpg 300w, https:\/\/lasalamandra.eu\/baby\/wp-content\/uploads\/sites\/2\/2025\/01\/primaria-frank-1-563x420.jpg 563w, https:\/\/lasalamandra.eu\/baby\/wp-content\/uploads\/sites\/2\/2025\/01\/primaria-frank-1-80x60.jpg 80w, https:\/\/lasalamandra.eu\/baby\/wp-content\/uploads\/sites\/2\/2025\/01\/primaria-frank-1-265x198.jpg 265w\" sizes=\"(max-width: 643px) 100vw, 643px\" \/><\/figure>\n\n\n\n<figure class=\"wp-block-image size-large\"><img decoding=\"async\" loading=\"lazy\" width=\"648\" height=\"484\" data-id=\"4452\" src=\"https:\/\/lasalamandra.eu\/baby\/wp-content\/uploads\/sites\/2\/2025\/01\/primaria-frank-2.jpg\" alt=\"\" class=\"wp-image-4452\" srcset=\"https:\/\/lasalamandra.eu\/baby\/wp-content\/uploads\/sites\/2\/2025\/01\/primaria-frank-2.jpg 648w, https:\/\/lasalamandra.eu\/baby\/wp-content\/uploads\/sites\/2\/2025\/01\/primaria-frank-2-300x224.jpg 300w, https:\/\/lasalamandra.eu\/baby\/wp-content\/uploads\/sites\/2\/2025\/01\/primaria-frank-2-562x420.jpg 562w, https:\/\/lasalamandra.eu\/baby\/wp-content\/uploads\/sites\/2\/2025\/01\/primaria-frank-2-80x60.jpg 80w, https:\/\/lasalamandra.eu\/baby\/wp-content\/uploads\/sites\/2\/2025\/01\/primaria-frank-2-265x198.jpg 265w\" sizes=\"(max-width: 648px) 100vw, 648px\" \/><\/figure>\n<\/figure>\n\n\n\n<p><strong><mark style=\"background-color:#ffffff\" class=\"has-inline-color has-vivid-cyan-blue-color\">PROPOSTA EDUCATIVA<\/mark><\/strong><\/p>\n\n\n\n<p>Adesione a diverse proposte di Istituto e del Territorio<\/p>\n\n\n\n<ul>\n<li>ACCOGLIENZA: progetto dedicato al passaggio dall\u2019ultimo anno della scuola dell\u2019infanzia al primo anno della scuola primaria che prevede attivit\u00e0 a carattere laboratoriale, in pi\u00f9 momenti dell\u2019anno.<\/li>\n\n\n\n<li>SCRIVO E LEGGO BENE: in collaborazione con l\u2019Ulss 2, progetto di rilevazione precoce delle difficolt\u00e0 di lettura e di scrittura, negli alunni delle classi prime e seconde.<\/li>\n\n\n\n<li>PROGETTO CON-FIDO: vuole\u00a0sostenere la lettura, dedicando uno spazio speciale per bambine e bambini con bisogni di apprendimento speciali. L\u2019iniziativa nasce per accompagnare i bambini di et\u00e0 compresa tra 6 e 7 anni in un percorso di letture assistite, con l\u2019ausilio del cane.<\/li>\n\n\n\n<li>EDUCAZIONE ALL\u2019AFFETTIVITA\u2019: progetto di educazione all\u2019affettivit\u00e0 e alla sessualit\u00e0 rivolto agli alunni delle classi quinte.<\/li>\n\n\n\n<li>EDUCAZIONE ALLA LEGALITA\u2019 e alla cittadinanza digitale, prevenzione al bullismo e cyberbullismo.<\/li>\n\n\n\n<li>INTERCULTURA: Percorsi di alfabetizzazione di livello A1, A2, B1 in lingua italiana.<\/li>\n\n\n\n<li>BIBLIOTECA: letture animate e partecipazione a contest con opere eseguite dagli alunni<\/li>\n\n\n\n<li>SPORT E MOVIMENTO: il progetto intende incrementare e sostenere le attivit\u00e0 ludiche, motorie e sportive praticate a livello curricolare con la presenza di esperti esterni delle diverse discipline (atletica, pallavolo,\u2026) in collaborazione con le associazioni sportive del territorio.<\/li>\n\n\n\n<li>FRUTTA E VERDURA A SCUOLA: progetto di merenda sana.<\/li>\n\n\n\n<li>EDUCAZIONE MUSICALE: progetto di canto corale con tematiche educative correlate al progetto di plesso. Si conclude con un concerto finale.<\/li>\n\n\n\n<li>SCACCHI: laboratorio di scacchi per tutte le classi con la presenza di esperti esterni.<\/li>\n\n\n\n<li>Attivit\u00e0 di CODING<\/li>\n\n\n\n<li>PROGETTO DI PLESSO: ogni anno viene proposto un diverso progetto volto a creare comunit\u00e0 e senso di appartenenza.<\/li>\n<\/ul>\n\n\n\n<p><strong><mark style=\"background-color:#ffffff\" class=\"has-inline-color has-vivid-cyan-blue-color\">SPAZI DELLA STRUTTURA<\/mark><\/strong><\/p>\n\n\n\n<p>La scuola Frank presenta diversi spazi utilizzati nell\u2019arco della giornata da tutti gli alunni del plesso:<\/p>\n\n\n\n<ul>\n<li>AMPIO GIARDINO ALBERATO<\/li>\n\n\n\n<li>10 AULE<\/li>\n\n\n\n<li>AULA MAGNA<\/li>\n\n\n\n<li>LABORATORIO INFORMATICO<\/li>\n\n\n\n<li>AULA MIRI (IMMERSIVA)<\/li>\n\n\n\n<li>LABORATORIO DI ARTE<\/li>\n\n\n\n<li>PALESTRA<\/li>\n\n\n\n<li>MENSA<\/li>\n\n\n\n<li>BIBLIOTECA<\/li>\n<\/ul>\n\n\n\n<figure class=\"wp-block-gallery has-nested-images columns-default is-cropped wp-block-gallery-3 is-layout-flex wp-block-gallery-is-layout-flex\">\n<figure class=\"wp-block-image size-large\"><img decoding=\"async\" loading=\"lazy\" width=\"425\" height=\"567\" data-id=\"4453\" src=\"https:\/\/lasalamandra.eu\/baby\/wp-content\/uploads\/sites\/2\/2025\/01\/primaria-frank-3.jpg\" alt=\"\" class=\"wp-image-4453\" srcset=\"https:\/\/lasalamandra.eu\/baby\/wp-content\/uploads\/sites\/2\/2025\/01\/primaria-frank-3.jpg 425w, https:\/\/lasalamandra.eu\/baby\/wp-content\/uploads\/sites\/2\/2025\/01\/primaria-frank-3-225x300.jpg 225w, https:\/\/lasalamandra.eu\/baby\/wp-content\/uploads\/sites\/2\/2025\/01\/primaria-frank-3-315x420.jpg 315w\" sizes=\"(max-width: 425px) 100vw, 425px\" \/><\/figure>\n\n\n\n<figure class=\"wp-block-image size-large\"><img decoding=\"async\" loading=\"lazy\" width=\"425\" height=\"567\" data-id=\"4454\" src=\"https:\/\/lasalamandra.eu\/baby\/wp-content\/uploads\/sites\/2\/2025\/01\/primaria-frank-4.jpg\" alt=\"\" class=\"wp-image-4454\" srcset=\"https:\/\/lasalamandra.eu\/baby\/wp-content\/uploads\/sites\/2\/2025\/01\/primaria-frank-4.jpg 425w, https:\/\/lasalamandra.eu\/baby\/wp-content\/uploads\/sites\/2\/2025\/01\/primaria-frank-4-225x300.jpg 225w, https:\/\/lasalamandra.eu\/baby\/wp-content\/uploads\/sites\/2\/2025\/01\/primaria-frank-4-315x420.jpg 315w\" sizes=\"(max-width: 425px) 100vw, 425px\" \/><\/figure>\n<\/figure>\n\n\n\n<figure class=\"wp-block-gallery has-nested-images columns-default is-cropped wp-block-gallery-5 is-layout-flex wp-block-gallery-is-layout-flex\">\n<figure class=\"wp-block-image size-large\"><img decoding=\"async\" loading=\"lazy\" width=\"425\" height=\"567\" data-id=\"4455\" src=\"https:\/\/lasalamandra.eu\/baby\/wp-content\/uploads\/sites\/2\/2025\/01\/primaria-frank-5.jpg\" alt=\"\" class=\"wp-image-4455\" srcset=\"https:\/\/lasalamandra.eu\/baby\/wp-content\/uploads\/sites\/2\/2025\/01\/primaria-frank-5.jpg 425w, https:\/\/lasalamandra.eu\/baby\/wp-content\/uploads\/sites\/2\/2025\/01\/primaria-frank-5-225x300.jpg 225w, https:\/\/lasalamandra.eu\/baby\/wp-content\/uploads\/sites\/2\/2025\/01\/primaria-frank-5-315x420.jpg 315w\" sizes=\"(max-width: 425px) 100vw, 425px\" \/><\/figure>\n\n\n\n<figure class=\"wp-block-image size-large\"><img decoding=\"async\" loading=\"lazy\" width=\"425\" height=\"567\" data-id=\"4456\" src=\"https:\/\/lasalamandra.eu\/baby\/wp-content\/uploads\/sites\/2\/2025\/01\/primaria-frank-6.jpg\" alt=\"\" class=\"wp-image-4456\" srcset=\"https:\/\/lasalamandra.eu\/baby\/wp-content\/uploads\/sites\/2\/2025\/01\/primaria-frank-6.jpg 425w, https:\/\/lasalamandra.eu\/baby\/wp-content\/uploads\/sites\/2\/2025\/01\/primaria-frank-6-225x300.jpg 225w, https:\/\/lasalamandra.eu\/baby\/wp-content\/uploads\/sites\/2\/2025\/01\/primaria-frank-6-315x420.jpg 315w\" sizes=\"(max-width: 425px) 100vw, 425px\" \/><\/figure>\n<\/figure>\n\n\n\n<p><strong><mark style=\"background-color:#ffffff\" class=\"has-inline-color has-vivid-cyan-blue-color\">ORARI<\/mark><\/strong><\/p>\n\n\n\n<p>Il corso\u00a0 a 40 ore comprende tutte le sez. A e la 1^B, segue un orario distribuito su 5 giorni, tutti con frequenza antimeridiana e pomeridiana.<\/p>\n\n\n\n<p>Il corso B segue l\u2019orario a \u2018tempo normale\u2019 (27 ore di lezione + 1 di mensa) per le classi 2^ e 3^. Sempre nel corso B (29 ore + 2 di mensa) per le classi 4^ e 5^.<\/p>\n\n\n\n<ul>\n<li>I-V sez. A e 1^B: 40 ore settimanali, dal luned\u00ec al venerd\u00ec (8.00-16.00).<\/li>\n\n\n\n<li>II-III sez. B: 28 ore settimanali dal luned\u00ec al venerd\u00ec (8.00-13.00), con rientro il mercoled\u00ec (13.00-16.00).<\/li>\n\n\n\n<li>IV-V sez. B: 31 ore settimanali dal luned\u00ec al venerd\u00ec (8.00-13.00), con rientro il luned\u00ec e il mercoled\u00ec (13:00-16:00).<\/li>\n<\/ul>\n\n\n\n<p>Ad integrazione dell\u2019offerta formativa curricolare, ma solo per gli alunni delle classi a tempo normale, verranno attivati, al raggiungimento del numero minimo di adesioni, il servizio di vigilanza pre-scuola (7.30-08.00) e post-scuola (nei giorni di rientro curricolare, ore 16.00-16.45) ed il servizio di tempo integrato, entrambi a pagamento, gestiti da Cooperativa Comunica ONLUS. Le attivit\u00e0 proposte nei pomeriggi di tempo integrato sono l\u2019inglese, il teatro, l\u2019informatica e la musica (luned\u00ec, marted\u00ec, gioved\u00ec e venerd\u00ec, ore 13.00-16.30). Il tempo integrato comprende anche la sorveglianza in mensa e uno spazio per l\u2019avvio dello svolgimento dei compiti per casa (un\u2019ora, dopo la pausa pranzo).<\/p>\n\n\n\n<p><strong><mark style=\"background-color:#ffffff\" class=\"has-inline-color has-vivid-cyan-blue-color\">CHI SIAMO\/STORIA<\/mark><\/strong><\/p>\n\n\n\n<p>Il plesso, scuola storica dei quartieri S. Maria Sul Sile e S. Angelo, dal 1986 \u00e8 stato ri-edificato nel cuore del quartiere, nell\u2019immediata periferia di Treviso. La scuola \u00e8 ubicata dentro un ampio giardino, in una zona residenziale tranquilla e circondata dal verde, ma facilmente accessibile dalle arterie principali della citt\u00e0. La posizione favorisce scambi proficui con diverse agenzie del territorio ed esplorazioni dell\u2019ambiente, in totale sicurezza.<\/p>\n\n\n\n<p><strong><mark style=\"background-color:#ffffff\" class=\"has-inline-color has-vivid-cyan-blue-color\">NOTE\/ALTRE INFORMAZIONI<\/mark><\/strong><\/p>\n\n\n\n<p>Nel nostro plesso sono attivi i seguenti servizi:<\/p>\n\n\n\n<ul>\n<li>Mensa (a pagamento):&nbsp;tutti i giorni di rientro nel tempo scuola<\/li>\n\n\n\n<li>Servizio pre-scuola (a pagamento): gestito autonomamente dalla Cooperativa Comunica, associazione esterna all\u2019Istituto in base alle richieste dell\u2019utenza.<\/li>\n\n\n\n<li>Scuolabus (a pagamento): \u00e8 possibile fare apposita richiesta al Comune.<\/li>\n<\/ul>\n\n\n\n<p>GIORNATE SPECIALI:<\/p>\n\n\n\n<ul>\n<li>Contest: \u201cIo leggo perch\u00e9\u201d<\/li>\n\n\n\n<li>Giornata della Memoria<\/li>\n\n\n\n<li>Giornata dei calzini spaiati<\/li>\n\n\n\n<li>Ora del codice<\/li>\n\n\n\n<li>Coro di Natale<\/li>\n\n\n\n<li>Festa di fine anno<\/li>\n\n\n\n<li>Mercatino del riutilizzo<\/li>\n<\/ul>\n\n\n\n<p><strong>Spazi<\/strong><\/p>\n\n\n\n<ul>\n<li>aule dotate di LIM per le normali attivit\u00e0 di insegnamento<\/li>\n\n\n\n<li>un\u2019aula immersiva<\/li>\n\n\n\n<li>un\u2019aula per interventi individualizzati<\/li>\n\n\n\n<li>ampia biblioteca<\/li>\n\n\n\n<li>aula informatica con 12 postazioni<\/li>\n\n\n\n<li>aula pittura<\/li>\n\n\n\n<li>ampio locale adibito a sala riunioni ed attivit\u00e0 varie (cineforum, animazione teatrale, mostre, ecc.) allestito con videoproiettore fisso ed entrata per linea ADSL<\/li>\n\n\n\n<li>mensa<\/li>\n\n\n\n<li>ambulatorio<\/li>\n\n\n\n<li>aula insegnanti<\/li>\n\n\n\n<li>&nbsp;palestra con servizi (attualmente viene utilizzata anche da associazioni sportive come da delibera del Consiglio di Istituto)<\/li>\n\n\n\n<li>alcuni spazi (tre) agli incroci dei corridoi permettono l\u2019intervallo all\u2019interno dell\u2019edificio in caso di maltempo.<\/li>\n\n\n\n<li>l\u2019edificio \u00e8 disposto su due piani, \u00e8 munito di ascensore, tre scale antincendio esterne<\/li>\n\n\n\n<li>l\u2019edificio \u00e8 circondato da un ampio giardino alberato e comprende&nbsp; un campetto sintetico.<\/li>\n<\/ul>\n\n\n\n<p><strong>Mensa<\/strong><\/p>\n\n\n\n<p>\u00c8 attivo il servizio mensa erogato dalla ditta che fornisce tutte le scuole del Comune di Treviso. L\u2019ora di mensa non \u00e8 obbligatoria; gli allievi, se autorizzati e prelevati dai genitori, possono uscire per pranzare a casa secondo i seguenti orari:<\/p>\n\n\n\n<p>alunni del tempo pieno \u2013 uscita ore 13.00, rientro ore 13.55;<\/p>\n\n\n\n<p>alunni del tempo normale \u2013 uscita ore 12.00, rientro ore 12.55.<\/p>\n\n\n\n<p><strong>Trasporto<\/strong><\/p>\n\n\n\n<p>E\u2019 previsto il servizio di trasporto comunale per l\u2019arrivo a scuola alle ore 7:55 e per la partenza alle ore 13.00 (uscita antimeridiana) o alle ore 16.00 (rientri e tempo pieno). Il servizio \u00e8 su richiesta e a pagamento.<\/p>\n","protected":false},"excerpt":{"rendered":"<p>DATI GENERICI Nome:\u00a0Scuola Primaria \u201cAnna Frank\u201d \u2013 IC Treviso 3 \u201cG.G. Felissent\u201dTipologia:\u00a0scuola stataleIndirizzo:\u00a0via A. L. Tandura n. 3, TrevisoTelefono:\u00a00422 401220Sito internet:\u00a0https:\/\/www.ic3felissent.edu.it PROPOSTA EDUCATIVA Adesione a diverse proposte di Istituto e del Territorio SPAZI DELLA STRUTTURA La scuola Frank presenta diversi spazi utilizzati nell\u2019arco della giornata da tutti gli alunni del plesso: ORARI Il corso\u00a0 a [&hellip;]<\/p>\n","protected":false},"author":3,"featured_media":4451,"comment_status":"open","ping_status":"open","sticky":false,"template":"","format":"standard","meta":{"footnotes":""},"categories":[22,30],"tags":[],"acf":[],"_links":{"self":[{"href":"https:\/\/lasalamandra.eu\/baby\/wp-json\/wp\/v2\/posts\/4450"}],"collection":[{"href":"https:\/\/lasalamandra.eu\/baby\/wp-json\/wp\/v2\/posts"}],"about":[{"href":"https:\/\/lasalamandra.eu\/baby\/wp-json\/wp\/v2\/types\/post"}],"author":[{"embeddable":true,"href":"https:\/\/lasalamandra.eu\/baby\/wp-json\/wp\/v2\/users\/3"}],"replies":[{"embeddable":true,"href":"https:\/\/lasalamandra.eu\/baby\/wp-json\/wp\/v2\/comments?post=4450"}],"version-history":[{"count":1,"href":"https:\/\/lasalamandra.eu\/baby\/wp-json\/wp\/v2\/posts\/4450\/revisions"}],"predecessor-version":[{"id":4457,"href":"https:\/\/lasalamandra.eu\/baby\/wp-json\/wp\/v2\/posts\/4450\/revisions\/4457"}],"wp:featuredmedia":[{"embeddable":true,"href":"https:\/\/lasalamandra.eu\/baby\/wp-json\/wp\/v2\/media\/4451"}],"wp:attachment":[{"href":"https:\/\/lasalamandra.eu\/baby\/wp-json\/wp\/v2\/media?parent=4450"}],"wp:term":[{"taxonomy":"category","embeddable":true,"href":"https:\/\/lasalamandra.eu\/baby\/wp-json\/wp\/v2\/categories?post=4450"},{"taxonomy":"post_tag","embeddable":true,"href":"https:\/\/lasalamandra.eu\/baby\/wp-json\/wp\/v2\/tags?post=4450"}],"curies":[{"name":"wp","href":"https:\/\/api.w.org\/{rel}","templated":true}]}}