{"id":4304,"date":"2024-12-10T10:57:40","date_gmt":"2024-12-10T09:57:40","guid":{"rendered":"https:\/\/lasalamandra.eu\/baby\/?p=4304"},"modified":"2024-12-10T10:57:41","modified_gmt":"2024-12-10T09:57:41","slug":"il-teatro-protagonista-alle-fanna","status":"publish","type":"post","link":"https:\/\/lasalamandra.eu\/baby\/2024\/12\/10\/il-teatro-protagonista-alle-fanna\/","title":{"rendered":"Il teatro: protagonista alle &#8220;Fanna&#8221;"},"content":{"rendered":"\n<p>La Scuola Primaria \u201cFanna\u201d ha una grande passione per il teatro.<\/p>\n\n\n<div class=\"wp-block-image\">\n<figure class=\"alignleft size-full is-resized\"><img decoding=\"async\" loading=\"lazy\" width=\"668\" height=\"502\" src=\"https:\/\/lasalamandra.eu\/baby\/wp-content\/uploads\/sites\/2\/2024\/12\/Fanna-teatro-2.jpg\" alt=\"\" class=\"wp-image-4306\" style=\"aspect-ratio:1.3306772908366533;width:408px;height:auto\" srcset=\"https:\/\/lasalamandra.eu\/baby\/wp-content\/uploads\/sites\/2\/2024\/12\/Fanna-teatro-2.jpg 668w, https:\/\/lasalamandra.eu\/baby\/wp-content\/uploads\/sites\/2\/2024\/12\/Fanna-teatro-2-300x225.jpg 300w, https:\/\/lasalamandra.eu\/baby\/wp-content\/uploads\/sites\/2\/2024\/12\/Fanna-teatro-2-559x420.jpg 559w, https:\/\/lasalamandra.eu\/baby\/wp-content\/uploads\/sites\/2\/2024\/12\/Fanna-teatro-2-80x60.jpg 80w, https:\/\/lasalamandra.eu\/baby\/wp-content\/uploads\/sites\/2\/2024\/12\/Fanna-teatro-2-265x198.jpg 265w\" sizes=\"(max-width: 668px) 100vw, 668px\" \/><\/figure><\/div>\n\n\n<p>Ai suoi alunni piace fare Teatro ma anche andare a vederlo e ascoltarlo. Le classi seconde e terza, hanno potuto vedere lo spettacolo di &#8220;Cipi'&#8221;, presso gli Alcuni-Teatro Sant\u2019Anna, di Treviso. Lo spettacolo, tratto da \u201cCip\u00ec\u201d, di Mario Lodi e dei suoi ragazzi, ha sviluppato temi legati alla formazione del bambino: la curiosit\u00e0 e il desiderio di essere s\u00e9 stessi, che richiede a volte un po\u2019 di trasgressione; lo sviluppo dell\u2019identit\u00e0 attraverso l\u2019esperienza e il ruolo fondamentale dei genitori nell\u2019accompagnare questo percorso; la relazione con l\u2019altro, in termini di gioco, amicizia e amore.<\/p>\n\n\n\n<p>Mario Lodi \u00e8 stato un maestro rivoluzionario e il suo impegno pedagogico per una scuola nuova, basata sul rispetto del bambino, sull\u2019ascolto e sulla libert\u00e0 di apprendimento, ha ispirato molti giovani insegnanti dando un\u2019importante spinta di cambiamento al mondo dell\u2019istruzione.<\/p>\n\n\n\n<p>I nostri alunni, hanno poi potuto assistere alla rappresentazione Teatrale \u201cFavole al Telefono\u201d di Gianni Rodari, presso il Teatro Mario del Monaco di Treviso. Le storie di Rodari non conoscono il passare del tempo e in Favole al telefono, hanno ripreso vita sulla scena sotto forma di canzoni, racconti, filastrocche e piccoli numeri di variet\u00e0. Per i bambini \u00e8 stata una grande emozione entrare in un teatro cos\u00ec bello e poter assistere ad uno spettacolo tutti assieme.<\/p>\n\n\n\n<p>Dopo le rappresentazioni, i bambini in classe, hanno avuto un momento di confronto su quanto visto e ascoltato.<\/p>\n\n\n\n<figure class=\"wp-block-image size-full\"><img decoding=\"async\" loading=\"lazy\" width=\"635\" height=\"810\" src=\"https:\/\/lasalamandra.eu\/baby\/wp-content\/uploads\/sites\/2\/2024\/12\/Fanna-teatro-8.jpg\" alt=\"\" class=\"wp-image-4309\" srcset=\"https:\/\/lasalamandra.eu\/baby\/wp-content\/uploads\/sites\/2\/2024\/12\/Fanna-teatro-8.jpg 635w, https:\/\/lasalamandra.eu\/baby\/wp-content\/uploads\/sites\/2\/2024\/12\/Fanna-teatro-8-235x300.jpg 235w, https:\/\/lasalamandra.eu\/baby\/wp-content\/uploads\/sites\/2\/2024\/12\/Fanna-teatro-8-329x420.jpg 329w\" sizes=\"(max-width: 635px) 100vw, 635px\" \/><\/figure>\n\n\n\n<figure class=\"wp-block-image size-full\"><img decoding=\"async\" loading=\"lazy\" width=\"661\" height=\"615\" src=\"https:\/\/lasalamandra.eu\/baby\/wp-content\/uploads\/sites\/2\/2024\/12\/Fanna-teatro-1.jpg\" alt=\"\" class=\"wp-image-4305\" srcset=\"https:\/\/lasalamandra.eu\/baby\/wp-content\/uploads\/sites\/2\/2024\/12\/Fanna-teatro-1.jpg 661w, https:\/\/lasalamandra.eu\/baby\/wp-content\/uploads\/sites\/2\/2024\/12\/Fanna-teatro-1-300x279.jpg 300w, https:\/\/lasalamandra.eu\/baby\/wp-content\/uploads\/sites\/2\/2024\/12\/Fanna-teatro-1-451x420.jpg 451w\" sizes=\"(max-width: 661px) 100vw, 661px\" \/><\/figure>\n\n\n\n<figure class=\"wp-block-image size-full\"><img decoding=\"async\" loading=\"lazy\" width=\"636\" height=\"813\" src=\"https:\/\/lasalamandra.eu\/baby\/wp-content\/uploads\/sites\/2\/2024\/12\/Fanna-teatro-6.jpg\" alt=\"\" class=\"wp-image-4307\" srcset=\"https:\/\/lasalamandra.eu\/baby\/wp-content\/uploads\/sites\/2\/2024\/12\/Fanna-teatro-6.jpg 636w, https:\/\/lasalamandra.eu\/baby\/wp-content\/uploads\/sites\/2\/2024\/12\/Fanna-teatro-6-235x300.jpg 235w, https:\/\/lasalamandra.eu\/baby\/wp-content\/uploads\/sites\/2\/2024\/12\/Fanna-teatro-6-329x420.jpg 329w\" sizes=\"(max-width: 636px) 100vw, 636px\" \/><\/figure>\n\n\n\n<figure class=\"wp-block-image size-full\"><img decoding=\"async\" loading=\"lazy\" width=\"635\" height=\"786\" src=\"https:\/\/lasalamandra.eu\/baby\/wp-content\/uploads\/sites\/2\/2024\/12\/Fanna-teatro-7.jpg\" alt=\"\" class=\"wp-image-4308\" srcset=\"https:\/\/lasalamandra.eu\/baby\/wp-content\/uploads\/sites\/2\/2024\/12\/Fanna-teatro-7.jpg 635w, https:\/\/lasalamandra.eu\/baby\/wp-content\/uploads\/sites\/2\/2024\/12\/Fanna-teatro-7-242x300.jpg 242w, https:\/\/lasalamandra.eu\/baby\/wp-content\/uploads\/sites\/2\/2024\/12\/Fanna-teatro-7-324x400.jpg 324w, https:\/\/lasalamandra.eu\/baby\/wp-content\/uploads\/sites\/2\/2024\/12\/Fanna-teatro-7-339x420.jpg 339w\" sizes=\"(max-width: 635px) 100vw, 635px\" \/><\/figure>\n","protected":false},"excerpt":{"rendered":"<p>La Scuola Primaria \u201cFanna\u201d ha una grande passione per il teatro. Ai suoi alunni piace fare Teatro ma anche andare a vederlo e ascoltarlo. Le classi seconde e terza, hanno potuto vedere lo spettacolo di &#8220;Cipi&#8217;&#8221;, presso gli Alcuni-Teatro Sant\u2019Anna, di Treviso. Lo spettacolo, tratto da \u201cCip\u00ec\u201d, di Mario Lodi e dei suoi ragazzi, ha [&hellip;]<\/p>\n","protected":false},"author":3,"featured_media":4306,"comment_status":"open","ping_status":"open","sticky":false,"template":"","format":"standard","meta":{"footnotes":""},"categories":[22,23],"tags":[],"acf":[],"_links":{"self":[{"href":"https:\/\/lasalamandra.eu\/baby\/wp-json\/wp\/v2\/posts\/4304"}],"collection":[{"href":"https:\/\/lasalamandra.eu\/baby\/wp-json\/wp\/v2\/posts"}],"about":[{"href":"https:\/\/lasalamandra.eu\/baby\/wp-json\/wp\/v2\/types\/post"}],"author":[{"embeddable":true,"href":"https:\/\/lasalamandra.eu\/baby\/wp-json\/wp\/v2\/users\/3"}],"replies":[{"embeddable":true,"href":"https:\/\/lasalamandra.eu\/baby\/wp-json\/wp\/v2\/comments?post=4304"}],"version-history":[{"count":1,"href":"https:\/\/lasalamandra.eu\/baby\/wp-json\/wp\/v2\/posts\/4304\/revisions"}],"predecessor-version":[{"id":4310,"href":"https:\/\/lasalamandra.eu\/baby\/wp-json\/wp\/v2\/posts\/4304\/revisions\/4310"}],"wp:featuredmedia":[{"embeddable":true,"href":"https:\/\/lasalamandra.eu\/baby\/wp-json\/wp\/v2\/media\/4306"}],"wp:attachment":[{"href":"https:\/\/lasalamandra.eu\/baby\/wp-json\/wp\/v2\/media?parent=4304"}],"wp:term":[{"taxonomy":"category","embeddable":true,"href":"https:\/\/lasalamandra.eu\/baby\/wp-json\/wp\/v2\/categories?post=4304"},{"taxonomy":"post_tag","embeddable":true,"href":"https:\/\/lasalamandra.eu\/baby\/wp-json\/wp\/v2\/tags?post=4304"}],"curies":[{"name":"wp","href":"https:\/\/api.w.org\/{rel}","templated":true}]}}