{"id":4210,"date":"2024-10-16T04:18:52","date_gmt":"2024-10-16T02:18:52","guid":{"rendered":"https:\/\/lasalamandra.eu\/baby\/?p=4210"},"modified":"2024-10-16T04:18:53","modified_gmt":"2024-10-16T02:18:53","slug":"il-progetto-pedibus","status":"publish","type":"post","link":"https:\/\/lasalamandra.eu\/baby\/2024\/10\/16\/il-progetto-pedibus\/","title":{"rendered":"Il progetto Pedibus"},"content":{"rendered":"<div class=\"wp-block-image\">\n<figure class=\"alignleft size-full is-resized\"><img decoding=\"async\" loading=\"lazy\" width=\"709\" height=\"532\" src=\"https:\/\/lasalamandra.eu\/baby\/wp-content\/uploads\/sites\/2\/2024\/10\/pedibus2.jpg\" alt=\"\" class=\"wp-image-4209\" style=\"aspect-ratio:1.3327067669172932;width:610px;height:auto\" srcset=\"https:\/\/lasalamandra.eu\/baby\/wp-content\/uploads\/sites\/2\/2024\/10\/pedibus2.jpg 709w, https:\/\/lasalamandra.eu\/baby\/wp-content\/uploads\/sites\/2\/2024\/10\/pedibus2-300x225.jpg 300w, https:\/\/lasalamandra.eu\/baby\/wp-content\/uploads\/sites\/2\/2024\/10\/pedibus2-696x522.jpg 696w, https:\/\/lasalamandra.eu\/baby\/wp-content\/uploads\/sites\/2\/2024\/10\/pedibus2-560x420.jpg 560w, https:\/\/lasalamandra.eu\/baby\/wp-content\/uploads\/sites\/2\/2024\/10\/pedibus2-80x60.jpg 80w, https:\/\/lasalamandra.eu\/baby\/wp-content\/uploads\/sites\/2\/2024\/10\/pedibus2-265x198.jpg 265w\" sizes=\"(max-width: 709px) 100vw, 709px\" \/><\/figure><\/div>\n\n\n<p><strong>Andare a scuola a piedi in autonomia e sostenibilit\u00e0<\/strong><\/p>\n\n\n\n<p>Anno dopo anno, grazie al progetto Pedibus, migliaia di chilometri vengono percorsi dalle bambine e dai bambini delle scuole del territorio della provincia di Treviso, coinvolgendo oltre la met\u00e0 dei comuni della Marca, pi\u00f9 di 2900 bambini e di 1400 accompagnatori. \u201cAndare a scuola a piedi\u201d diventa cos\u00ec un\u2019esperienza di autonomia e indipendenza, supportata dalla collaborazione tra gli Istituti Scolastici, le aziende che gestiscono i servizi ambientali del territorio provinciale (Contarina, Savno e Veritas), i Comuni, l\u2019Azienda Ulss 2 Marca trevigiana e i tantissimi volontari (alcuni dei quali in seno all\u2019Associazione Pedibus di Treviso) che mettono a disposizione il proprio tempo e la propria cura per la buona riuscita del progetto.<\/p>\n\n\n\n<p>Ciascun gruppo, con le proprie caratteristiche e peculiarit\u00e0 territoriali, nasce e si sviluppa in un preciso contesto di comunit\u00e0 socio-culturale che lo contraddistingue, e la mappa variegata dei Pedibus della provincia di Treviso \u00e8 il risultato, importante, del lavoro di collaborazione svolto negli anni.<\/p>\n\n\n<div class=\"wp-block-image\">\n<figure class=\"alignright size-full is-resized\"><img decoding=\"async\" loading=\"lazy\" width=\"383\" height=\"680\" src=\"https:\/\/lasalamandra.eu\/baby\/wp-content\/uploads\/sites\/2\/2024\/10\/pedibus3.jpg\" alt=\"\" class=\"wp-image-4211\" style=\"aspect-ratio:0.5632352941176471;width:207px;height:auto\" srcset=\"https:\/\/lasalamandra.eu\/baby\/wp-content\/uploads\/sites\/2\/2024\/10\/pedibus3.jpg 383w, https:\/\/lasalamandra.eu\/baby\/wp-content\/uploads\/sites\/2\/2024\/10\/pedibus3-169x300.jpg 169w, https:\/\/lasalamandra.eu\/baby\/wp-content\/uploads\/sites\/2\/2024\/10\/pedibus3-237x420.jpg 237w\" sizes=\"(max-width: 383px) 100vw, 383px\" \/><\/figure><\/div>\n\n\n<p>&nbsp;Il Pedibus, da sempre, promuove l\u2019importanza della mobilit\u00e0 sostenibile, del movimento fisico e della sicurezza stradale, un\u2019iniziativa quindi di consapevolezza ambientale e un\u2019ottima occasione per la salute a 360 gradi.<\/p>\n\n\n\n<p>Il progetto Pedibus ci ricorda che <em>essere comunit\u00e0<\/em> \u00e8 un meccanismo fondamentale di integrazione con le persone, con il territorio, con le proprie tradizioni: un modo buono e un po\u2019 lento di vivere e sentirsi appartenere ad un luogo in questo tempo, sottolineando l\u2019importanza della salute e dell\u2019ecologia, del movimento e della socialit\u00e0.<\/p>\n\n\n\n<p>Ogni anno, come Servizio Promozione della Salute, raccogliamo attraverso un questionario tutti i dati relativi alle linee Pedibus attive, i cui risultati sono un vero e proprio traguardo di salute!<\/p>\n\n\n\n<ul>\n<li><em>54 comuni coinvolti<\/em><\/li>\n\n\n\n<li><em>158 linee (alcune anche andata e ritorno!)<\/em><\/li>\n\n\n\n<li><em>2929 bambini coinvolti<\/em><\/li>\n\n\n\n<li><em>1409 accompagnatori volontari<\/em><\/li>\n<\/ul>\n\n\n\n<p>I dati riferiti al 2023-2024 sembrano essere in leggero calo rispetto a quelli dell\u2019anno scolastico precedente, e alcuni territori manifestano difficolt\u00e0 nell\u2019avvio o nel mantenimento del progetto per motivi di carattere strutturale, di viabilit\u00e0 o di altro genere. In modo particolare, la mancanza di accompagnatori volontari \u00e8 uno degli aspetti che molti referenti mettono in evidenza, poich\u00e9 risulta di anno in anno sempre pi\u00f9 difficile trovare nuovo sostegno e disponibilit\u00e0. Sono molte, tuttavia, le iniziative dei singoli Pedibus che di anno in anno valorizzano il progetto e possono essere da stimolo per tutti i territori. <em>Alcuni esempi:<\/em><\/p>\n\n\n<div class=\"wp-block-image\">\n<figure class=\"alignleft size-full is-resized\"><img decoding=\"async\" loading=\"lazy\" width=\"531\" height=\"709\" src=\"https:\/\/lasalamandra.eu\/baby\/wp-content\/uploads\/sites\/2\/2024\/10\/pedibus.jpg\" alt=\"\" class=\"wp-image-4208\" style=\"aspect-ratio:0.7489421720733427;width:198px;height:auto\" srcset=\"https:\/\/lasalamandra.eu\/baby\/wp-content\/uploads\/sites\/2\/2024\/10\/pedibus.jpg 531w, https:\/\/lasalamandra.eu\/baby\/wp-content\/uploads\/sites\/2\/2024\/10\/pedibus-225x300.jpg 225w, https:\/\/lasalamandra.eu\/baby\/wp-content\/uploads\/sites\/2\/2024\/10\/pedibus-315x420.jpg 315w\" sizes=\"(max-width: 531px) 100vw, 531px\" \/><\/figure><\/div>\n\n\n<p>Ogni anno, FIAB Castellana insieme agli Istituti Comprensivi e alla Citt\u00e0 di Castelfranco Veneto organizza una giornata all\u2019insegna della mobilit\u00e0 sostenibile, che coinvolge numerosi bambini e ragazzi, invitati a provare un modo pi\u00f9 divertente e sostenibile per andare a scuola, a piedi o in bicicletta. Meno traffico, pi\u00f9 sorrisi!<\/p>\n\n\n\n<p>Alcuni territori, come Conegliano, Castelfranco, Ponte di Piave e Vedelago, sperimentano con successo il progetto Pedibus sin dalla Scuola dell\u2019Infanzia, organizzando \u201cpiccoli serpentini\u201d che consentono anche ai bambini di adottare buone pratiche di salute e movimento, imparando sin dalla pi\u00f9 tenera et\u00e0 il rispetto per l\u2019ambiente e l\u2019importanza della sicurezza stradale. Infine, in molti territori i gruppi Pedibus organizzano momenti ed eventi di riconoscimento del valore delle persone che a \u201cpiccoli passi\u201d stanno insieme: feste per la chiusura dell\u2019anno scolastico, celebrazioni per i diversi anni di vita del progetto e premiazioni dei \u201cpedoncini\u201d risultano rituali significativi per i legami sociali e di tempo prezioso dedicato alla cura delle relazioni.<\/p>\n","protected":false},"excerpt":{"rendered":"<p>Andare a scuola a piedi in autonomia e sostenibilit\u00e0 Anno dopo anno, grazie al progetto Pedibus, migliaia di chilometri vengono percorsi dalle bambine e dai bambini delle scuole del territorio della provincia di Treviso, coinvolgendo oltre la met\u00e0 dei comuni della Marca, pi\u00f9 di 2900 bambini e di 1400 accompagnatori. \u201cAndare a scuola a piedi\u201d [&hellip;]<\/p>\n","protected":false},"author":3,"featured_media":4209,"comment_status":"open","ping_status":"open","sticky":false,"template":"","format":"standard","meta":{"footnotes":""},"categories":[18,20],"tags":[],"acf":[],"_links":{"self":[{"href":"https:\/\/lasalamandra.eu\/baby\/wp-json\/wp\/v2\/posts\/4210"}],"collection":[{"href":"https:\/\/lasalamandra.eu\/baby\/wp-json\/wp\/v2\/posts"}],"about":[{"href":"https:\/\/lasalamandra.eu\/baby\/wp-json\/wp\/v2\/types\/post"}],"author":[{"embeddable":true,"href":"https:\/\/lasalamandra.eu\/baby\/wp-json\/wp\/v2\/users\/3"}],"replies":[{"embeddable":true,"href":"https:\/\/lasalamandra.eu\/baby\/wp-json\/wp\/v2\/comments?post=4210"}],"version-history":[{"count":1,"href":"https:\/\/lasalamandra.eu\/baby\/wp-json\/wp\/v2\/posts\/4210\/revisions"}],"predecessor-version":[{"id":4212,"href":"https:\/\/lasalamandra.eu\/baby\/wp-json\/wp\/v2\/posts\/4210\/revisions\/4212"}],"wp:featuredmedia":[{"embeddable":true,"href":"https:\/\/lasalamandra.eu\/baby\/wp-json\/wp\/v2\/media\/4209"}],"wp:attachment":[{"href":"https:\/\/lasalamandra.eu\/baby\/wp-json\/wp\/v2\/media?parent=4210"}],"wp:term":[{"taxonomy":"category","embeddable":true,"href":"https:\/\/lasalamandra.eu\/baby\/wp-json\/wp\/v2\/categories?post=4210"},{"taxonomy":"post_tag","embeddable":true,"href":"https:\/\/lasalamandra.eu\/baby\/wp-json\/wp\/v2\/tags?post=4210"}],"curies":[{"name":"wp","href":"https:\/\/api.w.org\/{rel}","templated":true}]}}