{"id":4062,"date":"2024-07-22T12:38:01","date_gmt":"2024-07-22T10:38:01","guid":{"rendered":"https:\/\/lasalamandra.eu\/baby\/?p=4062"},"modified":"2024-07-22T12:38:02","modified_gmt":"2024-07-22T10:38:02","slug":"scuola-primaria-giovanni-xxiii","status":"publish","type":"post","link":"https:\/\/lasalamandra.eu\/baby\/2024\/07\/22\/scuola-primaria-giovanni-xxiii\/","title":{"rendered":"Scuola Primaria &#8220;Giovanni XXIII&#8221;"},"content":{"rendered":"\n<p><strong><mark style=\"background-color:#ffffff\" class=\"has-inline-color has-vivid-cyan-blue-color\">DATI GENERICI<\/mark><\/strong><\/p>\n\n\n\n<p><strong>Nome: <\/strong>Scuola Primaria Giovanni XXIII \u2013 IC Treviso 2 \u201cA. Serena\u201d<br><strong>Tipologia: <\/strong>scuola statale<br><strong>Indirizzo:<\/strong> via D. M. Federici, 15 Treviso<br><strong>Telefono:<\/strong> 0422 235774<br><strong>Sito internet:<\/strong> <a href=\"https:\/\/www.ic2serenatreviso.edu.it\/\" target=\"_blank\" rel=\"noreferrer noopener\">https:\/\/www.ic2serenatreviso.edu.it\/<\/a><\/p>\n\n\n\n<p><strong><mark style=\"background-color:#ffffff\" class=\"has-inline-color has-vivid-cyan-blue-color\">PROPOSTA EDUCATIVA<\/mark><\/strong><\/p>\n\n\n\n<p>Luogo di crescita, di creativit\u00e0 e di socialit\u00e0. Una scuola piccola, ma accogliente, confortevole e ospitale, dove ciascun bambino pu\u00f2 sentirsi a casa.<\/p>\n\n\n\n<p>Adesione a diverse proposte di Istituto e del Territorio:<\/p>\n\n\n\n<ul>\n<li>ACCOGLIENZA: progetto dedicato alle classi prime, prevede attivit\u00e0 a carattere laboratoriale-ludico o sportivo-motorio, realizzate nelle prime settimane di scuola, al fine di accogliere ed inserire gradualmente i nuovi iscritti nell\u2019ambiente scolastico.<\/li>\n\n\n\n<li>CONTINUITA&#8217;: cura il passaggio degli studenti tra infanzia\/primaria e primaria\/secondaria di primo grado.<\/li>\n\n\n\n<li>PROGETTO INCLUSIONE<\/li>\n\n\n\n<li>SCRIVO E LEGGO BENE: in collaborazione con l\u2019Ulss 2, progetto di rilevazione precoce delle difficolt\u00e0 di lettura e di scrittura, negli alunni delle classi prime e seconde<\/li>\n\n\n\n<li>PSICOLOGO A SCUOLA: progetto di educazione all\u2019affettivit\u00e0 e alla sessualit\u00e0 rivolto agli alunni delle classi quinte.<\/li>\n\n\n\n<li>EDUCAZIONE ALLA LEGALITA\u2019 e alla cittadinanza digitale, prevenzione al bullismo e cyberbullismo<\/li>\n\n\n\n<li>INTERCULTURA: Percorsi di alfabetizzazione di livello A1, A2, B1 in lingua italiana.<\/li>\n\n\n\n<li>BIBLIOTECA: incontri con l\u2019autore, letture animate in collaborazione con associazioni culturali.<\/li>\n\n\n\n<li>SPORT E MOVIMENTO: il progetto intende incrementare e sostenere le attivit\u00e0 ludiche, motorie e sportive praticate a livello curricolare con la presenza di esperti esterni delle diverse discipline (calcio, pallavolo, yoga\u2026) in collaborazione con le associazioni sportive del territorio.<\/li>\n\n\n\n<li>ADDOLCIAMO L&#8217;AUTISMO: progetto di merenda sana<\/li>\n\n\n\n<li>SCUOLA CHE PROMUOVE SALUTE: alimentazione e merenda sana.<\/li>\n\n\n\n<li>EDUCAZIONE MUSICALE: progetto di canto corale con tematiche educative correlate al progetto di plesso. Si conclude con un concerto finale.<\/li>\n\n\n\n<li>ORTO: coltivazione dell\u2019orto da parte di tutti gli alunni e utilizzo delle serre idroponiche<\/li>\n\n\n\n<li>GIOCHI MATEMATICI &#8211; CL. 3\u00b0- 4\u00b0: partecipazione a gare online di matematica e informatica<\/li>\n\n\n\n<li>Attivit\u00e0 di CODING e ROBOTICA<\/li>\n\n\n\n<li>Progetto SCIENZE in collaborazione con la rete LES<\/li>\n<\/ul>\n\n\n\n<p>Attivit\u00e0 proposte a livello d\u2019Istituto: incontro con l\u2019autore, letture animate con \u201cIl trabiccolo dei sogni\u201d, partecipazione allo spettacolo teatrale \u201cPer terra e per mare\u201d, lezione concerto Filarmonia Veneta, coro natalizio presso la Loggia dei Cavalieri.<\/p>\n\n\n\n<p>I progetti di Istituto vengono poi declinati nei PROGETTI DI PLESSO:<\/p>\n\n\n\n<ul>\n<li>Nessuno \u00e8 perfetto<\/li>\n\n\n\n<li>I luoghi del cuore<\/li>\n\n\n\n<li>L\u2019orto dei piccoli<\/li>\n\n\n\n<li>Questo spettacolo s\u2019ha da fare<\/li>\n<\/ul>\n\n\n\n<p>Attivit\u00e0 proposte nel plesso: manipolative (carta, colori e materiali di recupero), digitali (uso di tablet o computer), canto (con personale specializzato) e ballo (coinvolgimento del gruppo Folcloristico Trevigiano).<\/p>\n\n\n\n<p><strong><mark style=\"background-color:#ffffff\" class=\"has-inline-color has-vivid-cyan-blue-color\">SPAZI DELLA STRUTTURA<\/mark><\/strong><\/p>\n\n\n\n<p>Nel giardino c&#8217;\u00e8 spazio per attivit\u00e0 ricreative e sportive: orto, balli, attivit\u00e0 motorie. <strong><\/strong><\/p>\n\n\n\n<p>All\u2019interno dell\u2019edificio scolastico ci sono sette aule, una biblioteca, una palestra, un laboratorio d\u2019informatica, una sala mensa e un ampio atrio.<\/p>\n\n\n\n<p>Nell\u2019atrio vengono svolte attivit\u00e0 di accoglienza e di lavori a classi aperte.<\/p>\n\n\n\n<p>La biblioteca dispone del programma Amico libro, grazie al quale gli alunni possono registrare prestiti e restituzioni.<\/p>\n\n\n\n<p>Nel laboratorio informatico si svolgono esercitazioni per giochi matematici, per scrivere testi e creare power point. Vengono inoltre proposti giochi e test su piattaforme didattiche.<\/p>\n\n\n\n<p>La palestra, seppur di piccole dimensioni, consente agli alunni di sviluppare gli schemi motori di base e di cimentarsi in giochi di squadra.<\/p>\n\n\n\n<p>La mensa contiene 35 posti, viene usata dalle classi nei giorni di rientro e dai bambini che usufruiscono del tempo integrato.<\/p>\n\n\n\n<p>La cooperativa Comunica \u00e8 presente nel plesso dal luned\u00ec al venerd\u00ec.<\/p>\n\n\n<div class=\"wp-block-image\">\n<figure class=\"aligncenter size-full\"><img decoding=\"async\" loading=\"lazy\" width=\"794\" height=\"992\" src=\"https:\/\/lasalamandra.eu\/baby\/wp-content\/uploads\/sites\/2\/2024\/07\/Primaria-GiovanniXXIII-collage-1.jpg\" alt=\"\" class=\"wp-image-4063\" srcset=\"https:\/\/lasalamandra.eu\/baby\/wp-content\/uploads\/sites\/2\/2024\/07\/Primaria-GiovanniXXIII-collage-1.jpg 794w, https:\/\/lasalamandra.eu\/baby\/wp-content\/uploads\/sites\/2\/2024\/07\/Primaria-GiovanniXXIII-collage-1-240x300.jpg 240w, https:\/\/lasalamandra.eu\/baby\/wp-content\/uploads\/sites\/2\/2024\/07\/Primaria-GiovanniXXIII-collage-1-768x960.jpg 768w, https:\/\/lasalamandra.eu\/baby\/wp-content\/uploads\/sites\/2\/2024\/07\/Primaria-GiovanniXXIII-collage-1-696x870.jpg 696w, https:\/\/lasalamandra.eu\/baby\/wp-content\/uploads\/sites\/2\/2024\/07\/Primaria-GiovanniXXIII-collage-1-336x420.jpg 336w\" sizes=\"(max-width: 794px) 100vw, 794px\" \/><\/figure><\/div>\n\n\n<p><strong><mark style=\"background-color:#ffffff\" class=\"has-inline-color has-vivid-cyan-blue-color\">ORARI<\/mark><\/strong><\/p>\n\n\n\n<p>Orario scolastico:<br>cinque giorni settimanali e un rientro pomeridiano.<\/p>\n\n\n\n<p>27 ore curriculari + 1 ora di mensa per le classi I, II e III (8.00-13.00 e 8.00- 16.00 nel giorno di rientro);<\/p>\n\n\n\n<p>28 ore curriculari + 1 ora di mensa per classi IV e V (8.00-13.00 e 8.00-17.00 nel giorno di rientro)<\/p>\n\n\n\n<p><strong><mark style=\"background-color:#ffffff\" class=\"has-inline-color has-vivid-cyan-blue-color\">CHI SIAMO\/STORIA<\/mark><\/strong><\/p>\n\n\n\n<p>Il plesso Giovanni XXIII \u00e8 situato appena fuori le mura di Treviso, comodo per chi proviene dalle zone limitrofe di Santa Bona e di San Pelaio.<\/p>\n\n\n\n<p><strong><mark style=\"background-color:#ffffff\" class=\"has-inline-color has-vivid-cyan-blue-color\">NOTE\/ALTRE INFORMAZIONI<\/mark><\/strong><\/p>\n\n\n\n<p>Nel nostro plesso sono attivi i seguenti servizi:<\/p>\n\n\n\n<ul>\n<li>Mensa (a pagamento): tutti i giorni (1 giorno di rientro nel tempo scuola e gli altri con il tempo integrato gestito da esterni)<\/li>\n\n\n\n<li>Servizio pre-scuola e tempo integrato (a pagamento): questi servizi sono gestiti autonomamente dalla Cooperativa Comunica, associazione esterna all\u2019Istituto in base alle richieste dell\u2019utenza.<\/li>\n<\/ul>\n\n\n\n<p>GIORNATE SPECIALI:<\/p>\n\n\n\n<ul>\n<li>Giornata sulla Sicurezza a scuola<\/li>\n\n\n\n<li>Maratona di lettura \u201cVeneto legge\u201d<\/li>\n\n\n\n<li>Giornata della Memoria<\/li>\n\n\n\n<li>Giornata dei calzini spaiati<\/li>\n\n\n\n<li>Ora del codice<\/li>\n\n\n\n<li>Coro di Natale presso \u201cLoggia dei Cavalieri\u201d<\/li>\n\n\n\n<li>Festa nazionale degli orti Slow Food<\/li>\n\n\n\n<li>Giornata della Terra<\/li>\n<\/ul>\n\n\n\n<figure class=\"wp-block-embed is-type-video is-provider-youtube wp-block-embed-youtube wp-embed-aspect-16-9 wp-has-aspect-ratio\"><div class=\"wp-block-embed__wrapper\">\n<iframe loading=\"lazy\" title=\"Presentazione Scuola \u201cGiovanni XXIII\u201d - IC 2 Serena Treviso\" width=\"696\" height=\"392\" src=\"https:\/\/www.youtube.com\/embed\/XqUpOO79k5o?feature=oembed\" frameborder=\"0\" allow=\"accelerometer; autoplay; clipboard-write; encrypted-media; gyroscope; picture-in-picture; web-share\" referrerpolicy=\"strict-origin-when-cross-origin\" allowfullscreen><\/iframe>\n<\/div><\/figure>\n","protected":false},"excerpt":{"rendered":"<p>DATI GENERICI Nome: Scuola Primaria Giovanni XXIII \u2013 IC Treviso 2 \u201cA. Serena\u201dTipologia: scuola stataleIndirizzo: via D. M. Federici, 15 TrevisoTelefono: 0422 235774Sito internet: https:\/\/www.ic2serenatreviso.edu.it\/ PROPOSTA EDUCATIVA Luogo di crescita, di creativit\u00e0 e di socialit\u00e0. Una scuola piccola, ma accogliente, confortevole e ospitale, dove ciascun bambino pu\u00f2 sentirsi a casa. Adesione a diverse proposte di [&hellip;]<\/p>\n","protected":false},"author":3,"featured_media":4064,"comment_status":"open","ping_status":"open","sticky":false,"template":"","format":"standard","meta":{"footnotes":""},"categories":[30],"tags":[],"acf":[],"_links":{"self":[{"href":"https:\/\/lasalamandra.eu\/baby\/wp-json\/wp\/v2\/posts\/4062"}],"collection":[{"href":"https:\/\/lasalamandra.eu\/baby\/wp-json\/wp\/v2\/posts"}],"about":[{"href":"https:\/\/lasalamandra.eu\/baby\/wp-json\/wp\/v2\/types\/post"}],"author":[{"embeddable":true,"href":"https:\/\/lasalamandra.eu\/baby\/wp-json\/wp\/v2\/users\/3"}],"replies":[{"embeddable":true,"href":"https:\/\/lasalamandra.eu\/baby\/wp-json\/wp\/v2\/comments?post=4062"}],"version-history":[{"count":1,"href":"https:\/\/lasalamandra.eu\/baby\/wp-json\/wp\/v2\/posts\/4062\/revisions"}],"predecessor-version":[{"id":4065,"href":"https:\/\/lasalamandra.eu\/baby\/wp-json\/wp\/v2\/posts\/4062\/revisions\/4065"}],"wp:featuredmedia":[{"embeddable":true,"href":"https:\/\/lasalamandra.eu\/baby\/wp-json\/wp\/v2\/media\/4064"}],"wp:attachment":[{"href":"https:\/\/lasalamandra.eu\/baby\/wp-json\/wp\/v2\/media?parent=4062"}],"wp:term":[{"taxonomy":"category","embeddable":true,"href":"https:\/\/lasalamandra.eu\/baby\/wp-json\/wp\/v2\/categories?post=4062"},{"taxonomy":"post_tag","embeddable":true,"href":"https:\/\/lasalamandra.eu\/baby\/wp-json\/wp\/v2\/tags?post=4062"}],"curies":[{"name":"wp","href":"https:\/\/api.w.org\/{rel}","templated":true}]}}