{"id":3877,"date":"2024-05-25T19:49:31","date_gmt":"2024-05-25T17:49:31","guid":{"rendered":"https:\/\/lasalamandra.eu\/baby\/?p=3877"},"modified":"2024-05-25T19:58:01","modified_gmt":"2024-05-25T17:58:01","slug":"concorso-ama-il-tuo-quartiere","status":"publish","type":"post","link":"https:\/\/lasalamandra.eu\/baby\/2024\/05\/25\/concorso-ama-il-tuo-quartiere\/","title":{"rendered":"Concorso &#8220;Ama il tuo quartiere&#8221;"},"content":{"rendered":"\n<p><strong>Tanti spunti di riflessione dall\u2019XI edizione<\/strong><\/p>\n\n\n\n<p>Il concorso &#8220;Ama il tuo quartiere&#8221; ha lo scopo di cercare di favorire lo sviluppo di rapporti tra scuola, territorio ed Enti locali, cercando di proporre ogni anno ai bambini temi diversi finalizzati a valorizzare il loro senso civico e il loro &#8220;amore&#8221; verso le realt\u00e0 pi\u00f9 vicine: a questa undicesima edizione hanno partecipato pi\u00f9 di 800 bambini, provenienti da quattro scuole dell&#8217;infanzia (Appiani, Barbisan, San Liberale e Rubinato) e sette primarie (Masaccio, Bindoni, Valeri, Carducci, Collodi, Vittorino da Feltre e Primo Maggio).<\/p>\n\n\n\n<p>I temi proposti quest&#8217;anno erano tre:<\/p>\n\n\n\n<p>1) C&#8217;era una volta il mio quartiere;<\/p>\n\n\n\n<p>2) Buone pratiche contro il bullismo;<\/p>\n\n\n\n<p>3) Un quartiere per tutti.<\/p>\n\n\n\n<p>Le premiazioni delle singole scuole hanno avuto inizio il 15 marzo, alla Sagra di San Giuseppe, dove \u00e8 stata premiata la scuola Appiani, proseguendo, poi il 18 e 19 aprile ed il 10 e 31 maggio.<\/p>\n\n\n\n<p>Il 16 maggio alla Palestra &#8220;Pascale&#8221; ha avuto luogo la premiazione plenaria di tutti i bambini, alla presenza delle Autorit\u00e0 e dei volontari dell&#8217;Associazione di Promozione Sociale \u201cAscoltare per costruire\u201d, con annuncio di quali progetti saranno presi in carico dal Comune e con la firma del &#8220;contratto&#8221; tra Sindaco e bambini delle scuole selezionate.<\/p>\n\n\n\n<p>Nel corso di ogni premiazione, ad ogni bambino, \u00e8 stato consegnato un premio: ogni classe ha avuto un diploma con specifica motivazione.<\/p>\n\n\n\n<p>Tanti gli elaborati realizzati dalle scuole, dalla striscia a fumetti sul tema del bullismo alla scatola della gentilezza, passando per la proposta di un percorso sensoriale per facilitare l&#8217;inclusione a quella di un murales su un disegno fatto dai bambini, dalla ricostruzione storica del proprio quartiere alla proposta di una biblioteca di quartiere all&#8217;aperto fino ad un plastico sul proprio quartiere.<\/p>\n\n\n\n<p>Dal 21 Maggio al 2 Giugno tutti i lavori sono stati esposti al museo &#8220;Bailo&#8221;: a fine anno sar\u00e0 realizzato il calendario 2025 con la selezione di alcuni elaborati.<\/p>\n\n\n\n<p><a href=\"mailto:ascoltarepercostruire@gmail.com\">ascoltarepercostruire@gmail.com<\/a><br><a href=\"https:\/\/ascoltarepercostruire.it\/\">https:\/\/ascoltarepercostruire.it\/<\/a><\/p>\n\n\n\n<figure class=\"wp-block-embed is-type-video is-provider-youtube wp-block-embed-youtube wp-embed-aspect-16-9 wp-has-aspect-ratio\"><div class=\"wp-block-embed__wrapper\">\n<div class=\"youtube-embed\" data-video_id=\"jqQL4SeMz-A\"><iframe loading=\"lazy\" title=\"Mostra Bailo 2024 - Ama il tuo quartiere - Aperta dal 21 maggio al 2 giugno\" width=\"696\" height=\"392\" src=\"https:\/\/www.youtube.com\/embed\/jqQL4SeMz-A?feature=oembed&#038;enablejsapi=1\" frameborder=\"0\" allow=\"accelerometer; autoplay; clipboard-write; encrypted-media; gyroscope; picture-in-picture; web-share\" referrerpolicy=\"strict-origin-when-cross-origin\" allowfullscreen><\/iframe><\/div>\n<\/div><\/figure>\n","protected":false},"excerpt":{"rendered":"<p>Tanti spunti di riflessione dall\u2019XI edizione Il concorso &#8220;Ama il tuo quartiere&#8221; ha lo scopo di cercare di favorire lo sviluppo di rapporti tra scuola, territorio ed Enti locali, cercando di proporre ogni anno ai bambini temi diversi finalizzati a valorizzare il loro senso civico e il loro &#8220;amore&#8221; verso le realt\u00e0 pi\u00f9 vicine: a [&hellip;]<\/p>\n","protected":false},"author":3,"featured_media":3881,"comment_status":"open","ping_status":"open","sticky":false,"template":"","format":"standard","meta":{"footnotes":""},"categories":[24,22],"tags":[],"acf":[],"_links":{"self":[{"href":"https:\/\/lasalamandra.eu\/baby\/wp-json\/wp\/v2\/posts\/3877"}],"collection":[{"href":"https:\/\/lasalamandra.eu\/baby\/wp-json\/wp\/v2\/posts"}],"about":[{"href":"https:\/\/lasalamandra.eu\/baby\/wp-json\/wp\/v2\/types\/post"}],"author":[{"embeddable":true,"href":"https:\/\/lasalamandra.eu\/baby\/wp-json\/wp\/v2\/users\/3"}],"replies":[{"embeddable":true,"href":"https:\/\/lasalamandra.eu\/baby\/wp-json\/wp\/v2\/comments?post=3877"}],"version-history":[{"count":1,"href":"https:\/\/lasalamandra.eu\/baby\/wp-json\/wp\/v2\/posts\/3877\/revisions"}],"predecessor-version":[{"id":3878,"href":"https:\/\/lasalamandra.eu\/baby\/wp-json\/wp\/v2\/posts\/3877\/revisions\/3878"}],"wp:featuredmedia":[{"embeddable":true,"href":"https:\/\/lasalamandra.eu\/baby\/wp-json\/wp\/v2\/media\/3881"}],"wp:attachment":[{"href":"https:\/\/lasalamandra.eu\/baby\/wp-json\/wp\/v2\/media?parent=3877"}],"wp:term":[{"taxonomy":"category","embeddable":true,"href":"https:\/\/lasalamandra.eu\/baby\/wp-json\/wp\/v2\/categories?post=3877"},{"taxonomy":"post_tag","embeddable":true,"href":"https:\/\/lasalamandra.eu\/baby\/wp-json\/wp\/v2\/tags?post=3877"}],"curies":[{"name":"wp","href":"https:\/\/api.w.org\/{rel}","templated":true}]}}