{"id":3860,"date":"2024-05-25T17:43:41","date_gmt":"2024-05-25T15:43:41","guid":{"rendered":"https:\/\/lasalamandra.eu\/baby\/?p=3860"},"modified":"2024-05-25T17:43:42","modified_gmt":"2024-05-25T15:43:42","slug":"consigli-di-lettura-dalla-brat-2","status":"publish","type":"post","link":"https:\/\/lasalamandra.eu\/baby\/2024\/05\/25\/consigli-di-lettura-dalla-brat-2\/","title":{"rendered":"Consigli di lettura dalla BRaT"},"content":{"rendered":"\n<p><strong>Le proposte di Samia, Servizio Civile in BRaT<\/strong><\/p>\n\n\n<div class=\"wp-block-image\">\n<figure class=\"alignleft size-full is-resized\"><img decoding=\"async\" loading=\"lazy\" width=\"651\" height=\"835\" src=\"https:\/\/lasalamandra.eu\/baby\/wp-content\/uploads\/sites\/2\/2024\/05\/un-eco-da-geco.jpg\" alt=\"\" class=\"wp-image-3859\" style=\"aspect-ratio:0.7796407185628742;width:187px;height:auto\" srcset=\"https:\/\/lasalamandra.eu\/baby\/wp-content\/uploads\/sites\/2\/2024\/05\/un-eco-da-geco.jpg 651w, https:\/\/lasalamandra.eu\/baby\/wp-content\/uploads\/sites\/2\/2024\/05\/un-eco-da-geco-234x300.jpg 234w, https:\/\/lasalamandra.eu\/baby\/wp-content\/uploads\/sites\/2\/2024\/05\/un-eco-da-geco-327x420.jpg 327w\" sizes=\"(max-width: 651px) 100vw, 651px\" \/><\/figure><\/div>\n\n\n<p><strong>UN ECO DA GECO \u2013 Album illustrato (3+)<\/strong><\/p>\n\n\n\n<p>\u201cUn eco da geco\u201d scritto da Rachel Bright e illustrato da Jim Field \u00e8 un libro formato album illustrato che racconta la storia di un geco che voleva diventare una star\u2026 Eppure non basta considerarci talentuosi per essere apprezzati dal pubblico: per raggiungere il successo non conta solo cosa si fa, ma anche come si fa.<\/p>\n\n\n\n<p>Un testo che invita i bambini a superare la visione egoista che si ha, a volte, di s\u00e9 stessi e trovare le proprie vittorie e soddisfazioni nell\u2019amore e nell\u2019altruismo. Lo stile usato \u00e8 dolce, colloquiale, onomatopeico e, assieme alle stupende illustrazioni colorate e scenografiche di Field, la lettura \u00e8 resa piacevole e divertente. Et\u00e0 di lettura consigliata: dai 3 anni in s\u00f9.<\/p>\n\n\n<div class=\"wp-block-image\">\n<figure class=\"alignright size-full is-resized\"><img decoding=\"async\" loading=\"lazy\" width=\"709\" height=\"743\" src=\"https:\/\/lasalamandra.eu\/baby\/wp-content\/uploads\/sites\/2\/2024\/05\/tutti-sul-divano.jpg\" alt=\"\" class=\"wp-image-3858\" style=\"aspect-ratio:0.9542395693135935;width:205px;height:auto\" srcset=\"https:\/\/lasalamandra.eu\/baby\/wp-content\/uploads\/sites\/2\/2024\/05\/tutti-sul-divano.jpg 709w, https:\/\/lasalamandra.eu\/baby\/wp-content\/uploads\/sites\/2\/2024\/05\/tutti-sul-divano-286x300.jpg 286w, https:\/\/lasalamandra.eu\/baby\/wp-content\/uploads\/sites\/2\/2024\/05\/tutti-sul-divano-696x729.jpg 696w, https:\/\/lasalamandra.eu\/baby\/wp-content\/uploads\/sites\/2\/2024\/05\/tutti-sul-divano-401x420.jpg 401w\" sizes=\"(max-width: 709px) 100vw, 709px\" \/><\/figure><\/div>\n\n\n<p><strong>TUTTI SUL DIVANO! \u2013 Cartonato illustrato (1-3 anni)<\/strong><\/p>\n\n\n\n<p>Finalista Premio Nati per leggere 2024 della sezione 18-36 mesi, \u201cTutti sul divano!\u201d &#8211; scritto e illustrato da Susanne Strasser &#8211; \u00e8 un cartonato per i piccolissimi lettori che hanno voglia di leggere in compagnia\u2026 Anche i personaggi di questo libro vogliono leggere qualcosa insieme: ma sar\u00e0 cos\u00ec facile? Riusciranno a trovare l\u2019incastro giusto nel loro divano e a iniziare la lettura senza essere interrotti?<\/p>\n\n\n\n<p>Un libro appropriato per la fascia d\u2019et\u00e0 consigliata, sia per il linguaggio semplice e infantile che per le illustrazioni che invadono tutto il libro e saltano subito all\u2019occhio dei bambini.<\/p>\n\n\n<div class=\"wp-block-image\">\n<figure class=\"alignleft size-full is-resized\"><img decoding=\"async\" loading=\"lazy\" width=\"536\" height=\"785\" src=\"https:\/\/lasalamandra.eu\/baby\/wp-content\/uploads\/sites\/2\/2024\/05\/elettra.jpg\" alt=\"\" class=\"wp-image-3864\" style=\"aspect-ratio:0.6828025477707006;width:236px;height:auto\" srcset=\"https:\/\/lasalamandra.eu\/baby\/wp-content\/uploads\/sites\/2\/2024\/05\/elettra.jpg 536w, https:\/\/lasalamandra.eu\/baby\/wp-content\/uploads\/sites\/2\/2024\/05\/elettra-205x300.jpg 205w, https:\/\/lasalamandra.eu\/baby\/wp-content\/uploads\/sites\/2\/2024\/05\/elettra-287x420.jpg 287w\" sizes=\"(max-width: 536px) 100vw, 536px\" \/><\/figure><\/div>\n\n\n<p><strong>ELETTRA \u2013 Fumetto (8+)<\/strong><\/p>\n\n\n\n<p>\u201cElettra\u201d \u00e8 un fumetto scritto da Brian Freschi e completamente disegnato da Elena Triolo.<\/p>\n\n\n\n<p>Racconta la storia della giovane Elettra di dieci anni che dopo essersi trasferita con il fratello e la madre in citt\u00e0 deve affrontare le sfide di una nuova scuola, nuovi amici e compagni di classe e soprattutto si ritrova alla ricerca dello sport giusto per lei. Pallavolo, tennis, nuoto, tiro all\u2019arco\u2026 Li prova tutti e in tutti fallisce tranne uno che in realt\u00e0 l\u2019aveva attirata sin dall\u2019inizio.<\/p>\n\n\n\n<p>Un fumetto molto divertente che attira bambini e ragazzi in un mondo quotidiano dove ci si pu\u00f2 subito immedesimare e fatto di temi come famiglia, amicizia, scuola, pregiudizi, relazioni e sentimenti che si affrontano sempre ed ovunque: ansia, entusiasmo, delusione, amore, orgoglio\u2026<\/p>\n\n\n\n<p>Insomma il giusto graphic novel consigliato ad un pubblico esteso (da 8 anni in s\u00f9) per dimostrare che la cosa pi\u00f9 importante \u00e8 la tenacia nell\u2019inseguire e raggiungere i propri sogni.<\/p>\n\n\n\n<p>BRAT Biblioteca dei Ragazzi di Treviso 0422.658993 \u2013 <a href=\"mailto:brat@bibliotecatreviso.it\">brat@bibliotecatreviso.it<\/a><br>Facebook: <a href=\"https:\/\/www.facebook.com\/bibliotecaragazzitreviso\">https:\/\/www.facebook.com\/bibliotecaragazzitreviso<\/a><br>Instagram: <a href=\"https:\/\/www.instagram.com\/bibliotecaragazzitreviso_brat\/\">https:\/\/www.instagram.com\/bibliotecaragazzitreviso_brat\/<\/a><\/p>\n","protected":false},"excerpt":{"rendered":"<p>Le proposte di Samia, Servizio Civile in BRaT UN ECO DA GECO \u2013 Album illustrato (3+) \u201cUn eco da geco\u201d scritto da Rachel Bright e illustrato da Jim Field \u00e8 un libro formato album illustrato che racconta la storia di un geco che voleva diventare una star\u2026 Eppure non basta considerarci talentuosi per essere apprezzati [&hellip;]<\/p>\n","protected":false},"author":3,"featured_media":3862,"comment_status":"open","ping_status":"open","sticky":false,"template":"","format":"standard","meta":{"footnotes":""},"categories":[25,15],"tags":[],"acf":[],"_links":{"self":[{"href":"https:\/\/lasalamandra.eu\/baby\/wp-json\/wp\/v2\/posts\/3860"}],"collection":[{"href":"https:\/\/lasalamandra.eu\/baby\/wp-json\/wp\/v2\/posts"}],"about":[{"href":"https:\/\/lasalamandra.eu\/baby\/wp-json\/wp\/v2\/types\/post"}],"author":[{"embeddable":true,"href":"https:\/\/lasalamandra.eu\/baby\/wp-json\/wp\/v2\/users\/3"}],"replies":[{"embeddable":true,"href":"https:\/\/lasalamandra.eu\/baby\/wp-json\/wp\/v2\/comments?post=3860"}],"version-history":[{"count":1,"href":"https:\/\/lasalamandra.eu\/baby\/wp-json\/wp\/v2\/posts\/3860\/revisions"}],"predecessor-version":[{"id":3867,"href":"https:\/\/lasalamandra.eu\/baby\/wp-json\/wp\/v2\/posts\/3860\/revisions\/3867"}],"wp:featuredmedia":[{"embeddable":true,"href":"https:\/\/lasalamandra.eu\/baby\/wp-json\/wp\/v2\/media\/3862"}],"wp:attachment":[{"href":"https:\/\/lasalamandra.eu\/baby\/wp-json\/wp\/v2\/media?parent=3860"}],"wp:term":[{"taxonomy":"category","embeddable":true,"href":"https:\/\/lasalamandra.eu\/baby\/wp-json\/wp\/v2\/categories?post=3860"},{"taxonomy":"post_tag","embeddable":true,"href":"https:\/\/lasalamandra.eu\/baby\/wp-json\/wp\/v2\/tags?post=3860"}],"curies":[{"name":"wp","href":"https:\/\/api.w.org\/{rel}","templated":true}]}}