{"id":3772,"date":"2024-04-03T18:11:10","date_gmt":"2024-04-03T16:11:10","guid":{"rendered":"https:\/\/lasalamandra.eu\/baby\/?p=3772"},"modified":"2024-04-03T18:11:11","modified_gmt":"2024-04-03T16:11:11","slug":"la-nostra-esperienza-in-brat","status":"publish","type":"post","link":"https:\/\/lasalamandra.eu\/baby\/2024\/04\/03\/la-nostra-esperienza-in-brat\/","title":{"rendered":"La nostra esperienza in BRaT&#8230;"},"content":{"rendered":"\n<h2 class=\"wp-block-heading\"><strong>Quattro studenti raccontano le 3 settimane di PCTO<\/strong><\/h2>\n\n\n<div class=\"wp-block-image\">\n<figure class=\"alignright size-full is-resized\"><img decoding=\"async\" loading=\"lazy\" width=\"850\" height=\"565\" src=\"https:\/\/lasalamandra.eu\/baby\/wp-content\/uploads\/sites\/2\/2024\/04\/bambini_lettura-27-brat.jpg\" alt=\"\" class=\"wp-image-3771\" style=\"aspect-ratio:1.5044247787610618;width:495px;height:auto\" srcset=\"https:\/\/lasalamandra.eu\/baby\/wp-content\/uploads\/sites\/2\/2024\/04\/bambini_lettura-27-brat.jpg 850w, https:\/\/lasalamandra.eu\/baby\/wp-content\/uploads\/sites\/2\/2024\/04\/bambini_lettura-27-brat-300x199.jpg 300w, https:\/\/lasalamandra.eu\/baby\/wp-content\/uploads\/sites\/2\/2024\/04\/bambini_lettura-27-brat-768x510.jpg 768w, https:\/\/lasalamandra.eu\/baby\/wp-content\/uploads\/sites\/2\/2024\/04\/bambini_lettura-27-brat-696x463.jpg 696w, https:\/\/lasalamandra.eu\/baby\/wp-content\/uploads\/sites\/2\/2024\/04\/bambini_lettura-27-brat-632x420.jpg 632w\" sizes=\"(max-width: 850px) 100vw, 850px\" \/><\/figure><\/div>\n\n\n<p>Sin dal primo giorno alla BRaT siamo stati catapultato in quel clima di convivialit\u00e0 e lavoro che nelle nostre tre settimane di permanenza abbiamo scoperto essere tipico, un ambiente rilassante e di svago per gli utenti e di precisione per chi ci lavora.<\/p>\n\n\n\n<p>In tutto il nostro percorso siamo stati affiancati dalla nostra tutor dott.ssa Fiamma De Salvo, figura chiave per la biblioteca, la quale ha saputo introdurci in quella che \u00e8 la squadra della BRaT fino a renderci autonomi nello svolgimento delle mansioni, inoltre, ci ha dato la possibilit\u00e0 di mettere in atto quelle che sono le nostre abilit\u00e0 apprese nel nostro percorso scolastico (I.I.S Palladio grafica e comunicazione), in quanto ci ha affidato la realizzazione di alcune grafiche che dovevano rappresentare l\u2019andamento della biblioteca negli anni. In questa occasione abbiamo potuto apprezzare la fiducia dataci dalla nostra tutor che ci ha messo a nostro agio e che sin da subito ci ha lasciato carta bianca, restando sempre disponibile e aperta a confronti o chiarimenti.<\/p>\n\n\n<div class=\"wp-block-image\">\n<figure class=\"alignleft size-full is-resized\"><img decoding=\"async\" loading=\"lazy\" width=\"638\" height=\"850\" src=\"https:\/\/lasalamandra.eu\/baby\/wp-content\/uploads\/sites\/2\/2024\/04\/bambini_lettura-36-brat.jpg\" alt=\"\" class=\"wp-image-3770\" style=\"aspect-ratio:0.7505882352941177;width:376px;height:auto\" srcset=\"https:\/\/lasalamandra.eu\/baby\/wp-content\/uploads\/sites\/2\/2024\/04\/bambini_lettura-36-brat.jpg 638w, https:\/\/lasalamandra.eu\/baby\/wp-content\/uploads\/sites\/2\/2024\/04\/bambini_lettura-36-brat-225x300.jpg 225w, https:\/\/lasalamandra.eu\/baby\/wp-content\/uploads\/sites\/2\/2024\/04\/bambini_lettura-36-brat-315x420.jpg 315w\" sizes=\"(max-width: 638px) 100vw, 638px\" \/><\/figure><\/div>\n\n\n<p>Attraverso BRaT abbiamo avuto la possibilit\u00e0 di interfacciarci con gli utenti, restando disponibili ad accogliere richieste o aiuto nella scelta dei libri, il tutto prendendo esempio dal personale che si \u00e8 rivelato sempre di supporto ad ogni richiesta.<\/p>\n\n\n\n<p>L\u2019esperienza, inoltre, ci ha fatto scoprire il lavoro del bibliotecario presentandoci anche l\u2019opportunit\u00e0 del servizio civile, essendo una prestazione di lavoro effettuata da alcuni ragazzi che si rivela fondamentale nella biblioteca.<\/p>\n\n\n\n<p>La BRaT \u00e8 una valida realt\u00e0 del nostro territorio che crea e diffonde cultura, un punto di riferimento sano per bambini, ragazzi e genitori, che attraverso le sue proposte avvicina alla lettura nei suoi spazi aperti a tutti. Durante le mattinate la BRaT diventa luogo di incontro e di laboratori per le scuole, nel pomeriggio, oltre al prestito dei libri, sono disponibili varie iniziative come letture e incontri dedicati ai bambini e ragazzi.<\/p>\n\n\n\n<p>La nostra esperienza alla BRaT ci ha dato modo, inoltre, di avvicinarci anche al mondo del volontariato, conoscendo le importanti figure dei \u201clettori volontari\u201d, persone che con generosit\u00e0 donano il loro tempo dando vita a storie e racconti destinati ai pi\u00f9 piccoli.<\/p>\n\n\n\n<p>Alla BRaT abbiamo capito che c\u2019\u00e8 sempre qualcosa da fare, che sia sistemare un libro in disordine o aiutare un utente, e per noi tutto questo non \u00e8 risultato difficile, anzi, in quanto, in un ambiente cos\u00ec stimolante, collaborare e condividere esperienze diventa naturale. Senza dubbio possiamo dire che per noi questo avvicinarci al mondo del lavoro ha rappresentato una bellissima opportunit\u00e0 e queste tre settimane si sono rivelate un\u2019intensa esperienza positiva e costruttiva sia dal punto di vista pratico che umano.<\/p>\n\n\n\n<p class=\"has-text-align-right\">Gabriele Sartorello, Laura Denisa Peptine, Riccardo Bataglini, Matteo Martin<\/p>\n","protected":false},"excerpt":{"rendered":"<p>Quattro studenti raccontano le 3 settimane di PCTO Sin dal primo giorno alla BRaT siamo stati catapultato in quel clima di convivialit\u00e0 e lavoro che nelle nostre tre settimane di permanenza abbiamo scoperto essere tipico, un ambiente rilassante e di svago per gli utenti e di precisione per chi ci lavora. In tutto il nostro [&hellip;]<\/p>\n","protected":false},"author":3,"featured_media":3771,"comment_status":"open","ping_status":"open","sticky":false,"template":"","format":"standard","meta":{"footnotes":""},"categories":[21],"tags":[],"acf":[],"_links":{"self":[{"href":"https:\/\/lasalamandra.eu\/baby\/wp-json\/wp\/v2\/posts\/3772"}],"collection":[{"href":"https:\/\/lasalamandra.eu\/baby\/wp-json\/wp\/v2\/posts"}],"about":[{"href":"https:\/\/lasalamandra.eu\/baby\/wp-json\/wp\/v2\/types\/post"}],"author":[{"embeddable":true,"href":"https:\/\/lasalamandra.eu\/baby\/wp-json\/wp\/v2\/users\/3"}],"replies":[{"embeddable":true,"href":"https:\/\/lasalamandra.eu\/baby\/wp-json\/wp\/v2\/comments?post=3772"}],"version-history":[{"count":1,"href":"https:\/\/lasalamandra.eu\/baby\/wp-json\/wp\/v2\/posts\/3772\/revisions"}],"predecessor-version":[{"id":3773,"href":"https:\/\/lasalamandra.eu\/baby\/wp-json\/wp\/v2\/posts\/3772\/revisions\/3773"}],"wp:featuredmedia":[{"embeddable":true,"href":"https:\/\/lasalamandra.eu\/baby\/wp-json\/wp\/v2\/media\/3771"}],"wp:attachment":[{"href":"https:\/\/lasalamandra.eu\/baby\/wp-json\/wp\/v2\/media?parent=3772"}],"wp:term":[{"taxonomy":"category","embeddable":true,"href":"https:\/\/lasalamandra.eu\/baby\/wp-json\/wp\/v2\/categories?post=3772"},{"taxonomy":"post_tag","embeddable":true,"href":"https:\/\/lasalamandra.eu\/baby\/wp-json\/wp\/v2\/tags?post=3772"}],"curies":[{"name":"wp","href":"https:\/\/api.w.org\/{rel}","templated":true}]}}