{"id":3424,"date":"2023-12-06T16:25:06","date_gmt":"2023-12-06T15:25:06","guid":{"rendered":"https:\/\/lasalamandra.eu\/baby\/?p=3424"},"modified":"2023-12-06T16:25:06","modified_gmt":"2023-12-06T15:25:06","slug":"parola-di-mamma","status":"publish","type":"post","link":"https:\/\/lasalamandra.eu\/baby\/2023\/12\/06\/parola-di-mamma\/","title":{"rendered":"&#8220;Parola di mamma&#8221;"},"content":{"rendered":"\n<p><strong>Depressione post partum, un progetto del Comune di Treviso in collaborazione con Rocking Motion e Ulss 2.<\/strong><\/p>\n\n\n<div class=\"wp-block-image\">\n<figure class=\"alignright size-full\"><img decoding=\"async\" loading=\"lazy\" width=\"601\" height=\"850\" src=\"https:\/\/lasalamandra.eu\/baby\/wp-content\/uploads\/sites\/2\/2023\/12\/Parola-di-Mamma.png\" alt=\"\" class=\"wp-image-3423\" srcset=\"https:\/\/lasalamandra.eu\/baby\/wp-content\/uploads\/sites\/2\/2023\/12\/Parola-di-Mamma.png 601w, https:\/\/lasalamandra.eu\/baby\/wp-content\/uploads\/sites\/2\/2023\/12\/Parola-di-Mamma-212x300.png 212w, https:\/\/lasalamandra.eu\/baby\/wp-content\/uploads\/sites\/2\/2023\/12\/Parola-di-Mamma-297x420.png 297w\" sizes=\"(max-width: 601px) 100vw, 601px\" \/><\/figure><\/div>\n\n\n<p>Dal 26 ottobre 2023, \u00e8 partito il progetto Parola di Mamma, progetto voluto dall\u2019Assessore alla Citt\u00e0 Inclusiva, Famiglia e Disabilit\u00e0, Gloria Tessarolo, e dall\u2019associazione Rocking Motion, entrambi fortemente sensibili al tema della depressione post partum e unite dal desiderio di offrire uno spazio relazionale, non giudicante e non specialistico, alle neo mamme, cos\u00ec che si sentano meno sole nell\u2019affrontare questa fase di vita cos\u00ec delicata e faticosa, nonch\u00e9 di poter creare occasioni pubbliche di sensibilizzazione su tale tematica.<\/p>\n\n\n\n<p>Appena dopo la nascita, la donna si trova ad affrontare un&nbsp;cambiamento radicale&nbsp;della propria vita, accompagnato da un&nbsp;forte stress fisico e psicologico&nbsp;che pu\u00f2 determinare instabilit\u00e0, tristezza e senso di inadeguatezza che possono impedirle di avere immediatamente una connessione emotiva con il proprio bambino e sentirsi sempre pi\u00f9 sola e isolata. Dopo il parto, alcune donne sono esposte a stati d\u2019animo che dalla malinconia del cosiddetto baby blues possono persistere in depressione post parto.<\/p>\n\n\n\n<p>Per questa ragione, si \u00e8 voluto creare uno spazio e un tempo accoglienti dove le donne con figli tra 0 e 1 anno che stanno vivendo un momento di forte sofferenza, fatica, tristezza possono trovarsi insieme ad altre donne per confrontarsi e esprimersi, guidate da un\u2019educatrice di Spazio Donna Treviso.<\/p>\n\n\n\n<p>Ogni gioved\u00ec, dalle ore 10.00 alle ore 11.30, presso la Biblioteca dei Ragazzi BRat in Piazza Rinaldi, un\u2019educatrice di Spazio Donna attende tutte le donne che hanno voglia di incontrare altre donne, di sentirsi libere di parlare, di ascoltare altre donne che stanno vivendo la stessa esperienza. L\u2019accesso \u00e8 libero e gratuito, non \u00e8 necessario iscriversi n\u00e9 partecipare a tutti gli incontri. \u00c8 possibile portare con s\u00e9 i propri figli, lo spazio \u00e8 attrezzato per accoglierli.<\/p>\n\n\n\n<p>Le mamme possono parcheggiare gratuitamente in centro citt\u00e0 usufruendo dei permessi rosa o della Mamma Card (per le residenti nel Comune di Treviso).<\/p>\n\n\n\n<p>\u201cParola di mamma\u201d \u00e8 un progetto corale, che vede la connessione e la collaborazione di molte realt\u00e0 e enti del territorio: il Comune di Treviso con i servizi comunali Spazio Donna e Spazio Famiglia e la biblioteca BRat, l\u2019Ulss2, in particolare il Centro di Salute Mentale di Treviso con il supporto della dott.ssa Spano e del dottor Sanzovo, il Reparto di Ostetricia e Ginecologia dell\u2019ospedale Ca\u2019 Foncello, il Consultorio Familiare IAFC, l\u2019associazione Rocking Motion.<\/p>\n\n\n\n<p class=\"has-text-align-right\">Spazio Famiglia Treviso<br>Tel. 340 1000864 &#8211; <a href=\"mailto:spaziodonna@comune.treviso.it\">spaziofamiglia@comune.treviso.it<\/a><\/p>\n\n\n\n<p>Spazio Famiglia <a href=\"https:\/\/www.facebook.com\/Trevisoperlafamiglia\">https:\/\/www.facebook.com\/Trevisoperlafamiglia<\/a><br>Spazio Donna <a href=\"https:\/\/www.facebook.com\/SpazioDonnaTV\">https:\/\/www.facebook.com\/SpazioDonnaTV<\/a><\/p>\n","protected":false},"excerpt":{"rendered":"<p>Depressione post partum, un progetto del Comune di Treviso in collaborazione con Rocking Motion e Ulss 2. Dal 26 ottobre 2023, \u00e8 partito il progetto Parola di Mamma, progetto voluto dall\u2019Assessore alla Citt\u00e0 Inclusiva, Famiglia e Disabilit\u00e0, Gloria Tessarolo, e dall\u2019associazione Rocking Motion, entrambi fortemente sensibili al tema della depressione post partum e unite dal [&hellip;]<\/p>\n","protected":false},"author":3,"featured_media":3423,"comment_status":"open","ping_status":"open","sticky":false,"template":"","format":"standard","meta":{"footnotes":""},"categories":[18,20],"tags":[],"acf":[],"_links":{"self":[{"href":"https:\/\/lasalamandra.eu\/baby\/wp-json\/wp\/v2\/posts\/3424"}],"collection":[{"href":"https:\/\/lasalamandra.eu\/baby\/wp-json\/wp\/v2\/posts"}],"about":[{"href":"https:\/\/lasalamandra.eu\/baby\/wp-json\/wp\/v2\/types\/post"}],"author":[{"embeddable":true,"href":"https:\/\/lasalamandra.eu\/baby\/wp-json\/wp\/v2\/users\/3"}],"replies":[{"embeddable":true,"href":"https:\/\/lasalamandra.eu\/baby\/wp-json\/wp\/v2\/comments?post=3424"}],"version-history":[{"count":1,"href":"https:\/\/lasalamandra.eu\/baby\/wp-json\/wp\/v2\/posts\/3424\/revisions"}],"predecessor-version":[{"id":3425,"href":"https:\/\/lasalamandra.eu\/baby\/wp-json\/wp\/v2\/posts\/3424\/revisions\/3425"}],"wp:featuredmedia":[{"embeddable":true,"href":"https:\/\/lasalamandra.eu\/baby\/wp-json\/wp\/v2\/media\/3423"}],"wp:attachment":[{"href":"https:\/\/lasalamandra.eu\/baby\/wp-json\/wp\/v2\/media?parent=3424"}],"wp:term":[{"taxonomy":"category","embeddable":true,"href":"https:\/\/lasalamandra.eu\/baby\/wp-json\/wp\/v2\/categories?post=3424"},{"taxonomy":"post_tag","embeddable":true,"href":"https:\/\/lasalamandra.eu\/baby\/wp-json\/wp\/v2\/tags?post=3424"}],"curies":[{"name":"wp","href":"https:\/\/api.w.org\/{rel}","templated":true}]}}