{"id":3334,"date":"2023-10-09T20:09:15","date_gmt":"2023-10-09T18:09:15","guid":{"rendered":"http:\/\/lasalamandra.eu\/baby\/?p=3334"},"modified":"2023-10-09T20:09:16","modified_gmt":"2023-10-09T18:09:16","slug":"bambini-e-famiglie-appuntamenti-di-ottobre-e-novembre","status":"publish","type":"post","link":"https:\/\/lasalamandra.eu\/baby\/2023\/10\/09\/bambini-e-famiglie-appuntamenti-di-ottobre-e-novembre\/","title":{"rendered":"Bambini e famiglie: appuntamenti di ottobre e novembre"},"content":{"rendered":"\n<p><strong><span class=\"has-inline-color has-luminous-vivid-amber-color\">I seguenti appuntamenti sono \u201cun assaggio\u201d di un elenco ben pi\u00f9 ampio e sempre aggiornato. Se desideri sapere come restare aggiornato su eventi per bambini e famiglie nel trevigiano, scarica l&#8217;app a questo <a href=\"https:\/\/bit.ly\/welcomeTV\" target=\"_blank\" rel=\"noreferrer noopener\">link<\/a><\/span><\/strong><\/p>\n\n\n\n<p><strong>10\u00b0 ANNIVERSARIO PANORAMA VILLORBA<\/strong><\/p>\n\n\n\n<p>Tempo di festa al Centro Commerciale Panorama di Villorba, sabato 21 ottobre si festeggeranno, infatti, i dieci anni del centro. La festa prevede la distribuzione di palloncini e un vero e proprio \u201cshow cooking\u201d con il famoso pasticcere Leonardo Di Carlo e con gli studenti della Scuola di Formazione Professionale \u201cLepido Rocco\u201d di Villorba.<\/p>\n\n\n\n<p>A partire dalle ore 15 verr\u00e0 decorata una golosissima torta lunga 6 metri che, alle ore 17, verr\u00e0 tagliata ed offerta a bambini ed adulti.<\/p>\n\n\n\n<p><a href=\"https:\/\/www.facebook.com\/CentroCommercialePanoramaVillorba\" target=\"_blank\" rel=\"noreferrer noopener\">https:\/\/www.facebook.com\/CentroCommercialePanoramaVillorba<\/a><br><a href=\"https:\/\/www.instagram.com\/ccpanoramavillorba\/\" target=\"_blank\" rel=\"noreferrer noopener\">https:\/\/www.instagram.com\/ccpanoramavillorba\/<\/a><\/p>\n\n\n\n<p><strong>SPAZIO GIOCO POMERIDIANO<\/strong><\/p>\n\n\n\n<p>Torna lo Spazio Gioco Pomeridiano dedicato ai bambini da 12 a 36 mesi allo <a href=\"https:\/\/www.facebook.com\/SpazioBimbiTreviso?__cft__%5b0%5d=AZU0Y0v7U4O1QeTDFX0HX7JioL-onQa8FFGXwmeWtJ9gAw2TVyY8XQWEYmuHBXRFu1VLMRLcn7jHgsBzaPzHHlOpy01FMgF3TW2AWoEJMQ141VVcTjlgWuaarduq1xQSpRq1rbjFznD-v9kEt0icWnqzY94LEvI3_0UqgY8vKRkWm1y94-Iw-tMzWNvHjcKXiZI&amp;__tn__=-%5dK-R\">Spazio Bimbi di Treviso<\/a> in Via Manin 39, curato da Veronica de \u201cIdeeconlavi\u201d.<\/p>\n\n\n\n<p>Un primo approccio, soft, alla comunit\u00e0; un&#8217;esperienza pomeridiana di nido. I bambini potranno sperimentare e sperimentarsi in un contesto educativo personalizzato, con un massimo di 5 iscritti. Vivranno esperienze di gioco, di condivisione e relazione; il tutto nel rispetto dei tempi di ognuno. Una possibilit\u00e0 per andare incontro ai genitori che cercano un appoggio sicuro di pomeriggio.<\/p>\n\n\n\n<p>Lo spazio gioco sar\u00e0 attivo il marted\u00ec e il mercoled\u00ec di ottobre, novembre e dicembre dalle 16 alle 18.30.<\/p>\n\n\n\n<p><a href=\"https:\/\/www.facebook.com\/Pongoecioccolato\">https:\/\/www.facebook.com\/Pongoecioccolato<\/a><br><a href=\"https:\/\/www.instagram.com\/ideeconlavi\/\">https:\/\/www.instagram.com\/ideeconlavi\/<\/a><\/p>\n\n\n\n<p><strong>DOPPIO APPUNTAMENTO IN BIBLIOTECA A SILEA<\/strong><\/p>\n\n\n\n<p>Mercoled\u00ec 18 ottobre, alle ore 16.30, presso la Biblioteca dei Liberi Pensatori di Silea, il gruppo di volontari \u201cLiberi lettori\u201d offrir\u00e0 un pomeriggio di letture dedicato ai bambini dai 3 ai 6 anni.<\/p>\n\n\n\n<p>Venerd\u00ec 20 ottobre, dalle 17 alle 18.30, sar\u00e0 la volta de \u201cLa notte dei pupazzi in biblioteca\u201d, una notte dedicata agli amici peluche che passeranno la notte in biblioteca, con la collaborazione di Veneto Fotografia.<\/p>\n\n\n\n<p><a href=\"https:\/\/www.facebook.com\/bibliotecasilea\">https:\/\/www.facebook.com\/bibliotecasilea<\/a><br><a href=\"https:\/\/www.instagram.com\/bibliotecaliberipensatori\/\">https:\/\/www.instagram.com\/bibliotecaliberipensatori\/<\/a><\/p>\n\n\n\n<p><strong>SPORTIAMO<\/strong><\/p>\n\n\n\n<p>Al Panorama di Villorba arriva SporTiAmo, un evento dedicato al valore dello sport in cui le associazioni del territorio si esibiscono per far conoscere numerose discipline.<\/p>\n\n\n\n<p>Dopo 3 weekend nei quali si sono alternate societ\u00e0 sportive di vari sport tra cui atletica leggera, arti marziali, pugilato, danza, ginnastica artistica, ecc., sabato 14 e domenica 15 ottobre si terr\u00e0 il gran finale, dalle 15.30 alle 19, quando accanto ad Angeldance, Asd Ardor (ginnastica ritmica) e Asd Park Tennis, arriveranno le squadre di Villorba Rugby: le ragazze della Serie A Femminile, la formazione delle \u201cricce\u201d, e i ragazzi della Serie B Maschile, i \u201cricci\u201d, saranno a disposizione dei fan della palla ovale e di quanti vogliono avvicinarsi al rugby.<\/p>\n\n\n\n<p><a href=\"https:\/\/www.facebook.com\/CentroCommercialePanoramaVillorba\">https:\/\/www.facebook.com\/CentroCommercialePanoramaVillorba<\/a><br><a href=\"https:\/\/www.instagram.com\/ccpanoramavillorba\/\">https:\/\/www.instagram.com\/ccpanoramavillorba\/<\/a><\/p>\n\n\n\n<p><strong>IL PADRE E LO SVILUPPO PSICOLOGICO DEI FIGLI<\/strong><\/p>\n\n\n\n<p>Incontro formativo gratuito per adulti. Il Padre occupa da sempre un posto di primo piano nello sviluppo della personalit\u00e0 dei figli. Il bambino in questo fondamentale rapporto costruisce se stesso in quanto soggetto e acquisisce autonomia e coraggio per muoversi nel mondo. Se la madre offre accoglienza e serenit\u00e0, il padre indica la strada, mostra il punto di partenza verso la vita. Oggi c\u2019\u00e8 bisogno di un PADRE che indichi la via. Oggi i padri chiedono di trovare spazio per essere padri.<\/p>\n\n\n\n<p>L\u2019incontro si terr\u00e0 mercoled\u00ec 11 ottobre alle ore 20.30 presso Diventare Grandi di Treviso.<\/p>\n\n\n\n<p><a href=\"https:\/\/www.facebook.com\/DiventareGrandi\">https:\/\/www.facebook.com\/DiventareGrandi<\/a><\/p>\n\n\n\n<p><strong>CARTASTRACCIA<\/strong><\/p>\n\n\n\n<p>Alla libreria Lovat di Villorba proseguono gli appuntamenti con \u201cCartastraccia\u201d le letture per bambini a cura de \u201cIl Trabiccolo dei Sogni\u201d. I prossimi appuntamenti in programma sono:<\/p>\n\n\n\n<p>&#8211; &nbsp;gioved\u00ec 12 ottobre ore 17 con \u201cCappuccetto Rosso\u201d, c&#8217;era una volta una ragazzina con un cappuccio rosso, che non and\u00f2 dritta a casa della nonna;<\/p>\n\n\n\n<p>&#8211; gioved\u00ec 19 ottobre ore 17 con Pippilotta Batti l\u2019occhio Viktualia Rullgardina Succiamenta Efraisilla Calzelunghe. Una delle pi\u00f9 famose e briganti disobbedienti del mondo!<\/p>\n\n\n\n<p>&#8211; gioved\u00ec 26 ottobre ore 17 con \u201cPiante selvagge\u201d, ci sono erbe e piante che non hanno voglia di stare dentro alle aiuole, hanno bisogno di esplorare il mondo.<\/p>\n\n\n\n<p><a href=\"https:\/\/www.facebook.com\/iltrabiccolodeisogni\">https:\/\/www.facebook.com\/iltrabiccolodeisogni<\/a><br><a href=\"https:\/\/www.instagram.com\/lovat_\/\">https:\/\/www.instagram.com\/lovat_\/<\/a><\/p>\n\n\n\n<p><strong>HAPPY HALLOWEEN<\/strong><\/p>\n\n\n\n<p>Per un Halloween divertente e itinerante ritorna il trio La Tana di Bubu\/Happy Kids e CItt\u00e0 del sole, coloro che vi hanno fatto girare a Natale, per la caccia al tesoro piratesca e per la serata hawaiana vi aspettano il 21 ottobre per un bellissimo laboratorio itinerante.<\/p>\n\n\n\n<p>E&#8217; sufficiente seguire 4 piccole regole: 1) Parti da dove vuoi (Happy Kids, La Tana di Bubu o Citt\u00e0 del sole 2) Quando vuoi (tra le 10 \/12:30 e le 15:30\/18:30) 3) Recupera il materiale iniziale in uno dei tre negozi 4) Fotografa la mappa e percorri tutte le tappe. Dopo aver fatto tutte le tappe, una sorpresa vi attende alla Tana Libera Tutti\u2026 per un sabato MOSTRUOSO!<\/p>\n\n\n\n<p><a href=\"https:\/\/www.facebook.com\/latanadibubu\">https:\/\/www.facebook.com\/latanadibubu<\/a><br><a href=\"https:\/\/www.instagram.com\/latanadi_bubu\/\">https:\/\/www.instagram.com\/latanadi_bubu\/<\/a><\/p>\n\n\n\n<p><strong>LETTURE SPAESATE<\/strong><\/p>\n\n\n\n<p>Presso la Biblioteca Comunale di Paese si terranno le Letture sPaesate dedicate ai bambini, i posti sono limitati e la prenotazione \u00e8 obbligatoria. Gli appuntamenti sono per il 14 ottobre alle 11 (bambini 2-4 anni), per il 28 ottobre alle 11 (bambini 5-7 anni), per il 18 novembre (bambini 2-4 anni) e per il 25 novembre (bambini 5-7 anni).<\/p>\n\n\n\n<p><a href=\"https:\/\/www.facebook.com\/bibliotecacomunaledipaese\">https:\/\/www.facebook.com\/bibliotecacomunaledipaese<\/a><br><a href=\"https:\/\/www.instagram.com\/bibliotecacomunalepaese\/\">https:\/\/www.instagram.com\/bibliotecacomunalepaese\/<\/a><\/p>\n\n\n\n<p><strong>STORIE IN VALIGIA<\/strong><\/p>\n\n\n\n<p>E\u2019 tempo di letture animate per bambini alla Biblioteca di Ponzano Veneto, \u00e8 tempo di Storie in Valigia! Appuntamento per sabato 21 ottobre alle ore 10.30 con \u201cBambini e animali\u201d e per sabato 18 novembre alle ore 10.30 con \u201cFiabe italiane \u2013 raccolte da Italo Calvino\u201d. Le letture si terranno presso il salone della barchessa.<\/p>\n\n\n\n<p><a href=\"https:\/\/www.facebook.com\/bibliotecaponzano\">https:\/\/www.facebook.com\/bibliotecaponzano<\/a><br><a href=\"https:\/\/www.instagram.com\/bibliotecaponzano\/\">https:\/\/www.instagram.com\/bibliotecaponzano\/<\/a><\/p>\n\n\n\n<p><strong>IL SABATO DELLE STORIE<\/strong><\/p>\n\n\n\n<p>L\u2019Albero Parlante propone \u201cIl sabato delle storie\u201d, un appuntamento mensile dedicato alle letture per bambini presso la biblioteca di Preganziol. Le prossime date da ricordare sono sabato 28 ottobre, ore 10, \u201cAspettando Halloween\u201d e sabato 25 novembre, ore 10, \u201cCoccole di storie\u201d (dedicato ai bambini 0-3 anni).<\/p>\n\n\n\n<p><a href=\"https:\/\/www.instagram.com\/bibliotecadipreganziol\/\">https:\/\/www.instagram.com\/bibliotecadipreganziol\/<\/a><br><a href=\"https:\/\/www.facebook.com\/pages\/Nuova-Biblioteca-Preganziol\/2064635536957697\">https:\/\/www.facebook.com\/pages\/Nuova-Biblioteca-Preganziol\/2064635536957697<\/a><\/p>\n","protected":false},"excerpt":{"rendered":"<p>I seguenti appuntamenti sono \u201cun assaggio\u201d di un elenco ben pi\u00f9 ampio e sempre aggiornato. Se desideri sapere come restare aggiornato su eventi per bambini e famiglie nel trevigiano, scarica l&#8217;app a questo link 10\u00b0 ANNIVERSARIO PANORAMA VILLORBA Tempo di festa al Centro Commerciale Panorama di Villorba, sabato 21 ottobre si festeggeranno, infatti, i dieci [&hellip;]<\/p>\n","protected":false},"author":3,"featured_media":2515,"comment_status":"open","ping_status":"open","sticky":false,"template":"","format":"standard","meta":{"footnotes":""},"categories":[1,17,16],"tags":[],"acf":[],"_links":{"self":[{"href":"https:\/\/lasalamandra.eu\/baby\/wp-json\/wp\/v2\/posts\/3334"}],"collection":[{"href":"https:\/\/lasalamandra.eu\/baby\/wp-json\/wp\/v2\/posts"}],"about":[{"href":"https:\/\/lasalamandra.eu\/baby\/wp-json\/wp\/v2\/types\/post"}],"author":[{"embeddable":true,"href":"https:\/\/lasalamandra.eu\/baby\/wp-json\/wp\/v2\/users\/3"}],"replies":[{"embeddable":true,"href":"https:\/\/lasalamandra.eu\/baby\/wp-json\/wp\/v2\/comments?post=3334"}],"version-history":[{"count":1,"href":"https:\/\/lasalamandra.eu\/baby\/wp-json\/wp\/v2\/posts\/3334\/revisions"}],"predecessor-version":[{"id":3335,"href":"https:\/\/lasalamandra.eu\/baby\/wp-json\/wp\/v2\/posts\/3334\/revisions\/3335"}],"wp:featuredmedia":[{"embeddable":true,"href":"https:\/\/lasalamandra.eu\/baby\/wp-json\/wp\/v2\/media\/2515"}],"wp:attachment":[{"href":"https:\/\/lasalamandra.eu\/baby\/wp-json\/wp\/v2\/media?parent=3334"}],"wp:term":[{"taxonomy":"category","embeddable":true,"href":"https:\/\/lasalamandra.eu\/baby\/wp-json\/wp\/v2\/categories?post=3334"},{"taxonomy":"post_tag","embeddable":true,"href":"https:\/\/lasalamandra.eu\/baby\/wp-json\/wp\/v2\/tags?post=3334"}],"curies":[{"name":"wp","href":"https:\/\/api.w.org\/{rel}","templated":true}]}}