{"id":3323,"date":"2023-10-09T16:22:33","date_gmt":"2023-10-09T14:22:33","guid":{"rendered":"http:\/\/lasalamandra.eu\/baby\/?p=3323"},"modified":"2023-10-09T16:22:34","modified_gmt":"2023-10-09T14:22:34","slug":"lettera-a-mio-figlio","status":"publish","type":"post","link":"https:\/\/lasalamandra.eu\/baby\/2023\/10\/09\/lettera-a-mio-figlio\/","title":{"rendered":"Lettera a mio figlio"},"content":{"rendered":"\n<p>Caro figlio,<\/p>\n\n\n\n<p>E\u2019 da un po&#8217; che non riesco pi\u00f9 a parlarti come vorrei. Essere tuo padre \u00e8 sempre stato il mio sogno, ero il tuo super pap\u00e0 quando eri piccolo.<\/p>\n\n\n\n<p>Ti ricordi i giochi insieme e le avventure in bici e la pesca insieme? Ah e quella volta che siamo saliti in macchina e poi siamo stati a Genova all\u2019acquario?<\/p>\n\n\n\n<p>Lo zoo \u00e8 sempre stata la tua meta preferita. Aprivi gli occhi stupiti quando vedevi le giraffe e gli ippopotami\u2026<\/p>\n\n\n\n<p>E poi il drone al mare, dove filmavamo felici le onde e le persone.<\/p>\n\n\n\n<p>Anche quella volta a Londra ci siamo divertiti davvero tanto, noi tre\u2026 sempre insieme io te e la mamma!<\/p>\n\n\n\n<p>Non ricordi vero?<\/p>\n\n\n\n<p>Infatti non siamo mai riusciti ad andare!<\/p>\n\n\n\n<p>Me lo chiedevi sempre, erano i tuoi sogni, bastava poco per realizzarli, ma non abbiamo mai trovato il tempo per farlo. Io ti spiegavo, serio e arrabbiato che avevo un lavoro, che avevo impegni che tu non capivi. E tu mi guardavi triste e annoiato. Io e mamma avevamo altro in quel periodo. Poi sai che non riuscivamo ad andare sempre d\u2019accordo\u2026<\/p>\n\n\n\n<p>Ma tu non piangevi mai. Come sempre fai, trovavi mille motivi per metterti e metterci felici, eri la nostra energia, sempre e nonostante tutto.<\/p>\n\n\n\n<p>Adesso ti guardo, 17 anni e mille altre cose per la testa.<\/p>\n\n\n\n<p>Scuola, sport e tutte le altre mille attivit\u00e0.<\/p>\n\n\n\n<p>E io e mamma, improvvisamente ci siamo accorti che abbiamo probabilmente sprecato la nostra pi\u00f9 grande occasione: stare con te!<\/p>\n\n\n\n<p>Scrivo questo oggi, perch\u00e9 come ad una fine estate, a volte nella vita ti accorgi che una stagione vola, passa e tu l\u2019hai sprecata, magari dentro ad una stanza, sognando semplicemente un caff\u00e8 e l\u2019aria condizionata, pur avendo il mare, le onde e il sole fuori che ti aspettano.<\/p>\n\n\n\n<p>Perch\u00e9 ti dico questo? Perch\u00e9 in fondo credo di doverti delle scuse!<\/p>\n\n\n\n<p>Abbiamo sprecato la nostra occasione! Tu sei il bene pi\u00f9 grande della nostra vita, ma probabilmente non ce ne siamo accorti in tempo.<\/p>\n\n\n\n<p>Perch\u00e9 \u201cce ne usciamo co sta palla\u201d, come goffamente cerco spesso di imitare il tuo \u201clinguaggio\u2026\u201d.<\/p>\n\n\n\n<p>Probabilmente per scusarmi con te, anche se probabilmente l\u2019occasione l\u2019abbiamo persa pi\u00f9 io e mamma che tu!<\/p>\n\n\n\n<p>Cari genitori, in questa edizione noi educatori dell\u2019azienda Ulss2 di Treviso abbiamo deciso di regalarvi questa lettera&nbsp;che abbiamo ricevuto nel nostro gruppo Facebook Ti Ascolto (gruppo Facebook per Genitori di Adolescenti): <a href=\"https:\/\/www.facebook.com\/groups\/tiascoltoulss2\">https:\/\/www.facebook.com\/groups\/tiascoltoulss2<\/a><\/p>\n\n\n\n<p>Ve la lasciamo perch\u00e9 a noi \u00e8 servita per capire molte cose, sui ragazzi, ma soprattutto sui genitori.<\/p>\n\n\n\n<div class=\"wp-block-image\"><figure class=\"alignright size-large is-resized\"><img decoding=\"async\" loading=\"lazy\" src=\"https:\/\/lasalamandra.eu\/baby\/wp-content\/uploads\/sites\/2\/2023\/10\/logo-ulss2.jpg\" alt=\"\" class=\"wp-image-3322\" width=\"262\" height=\"125\" srcset=\"https:\/\/lasalamandra.eu\/baby\/wp-content\/uploads\/sites\/2\/2023\/10\/logo-ulss2.jpg 598w, https:\/\/lasalamandra.eu\/baby\/wp-content\/uploads\/sites\/2\/2023\/10\/logo-ulss2-300x143.jpg 300w\" sizes=\"(max-width: 262px) 100vw, 262px\" \/><\/figure><\/div>\n\n\n\n<p class=\"has-text-align-right\">Francesco Biasin<br>Educatore Professionale \u2013 Ulss 2<\/p>\n\n\n\n<p>Gruppo Facebook \u201cTi Ascolto\u201d per genitori di adolescenti <a href=\"https:\/\/www.facebook.com\/groups\/tiascoltoulss2\">https:\/\/www.facebook.com\/groups\/tiascoltoulss2<\/a><\/p>\n\n\n\n<figure class=\"wp-block-image size-large\"><img decoding=\"async\" loading=\"lazy\" width=\"540\" height=\"540\" src=\"https:\/\/lasalamandra.eu\/baby\/wp-content\/uploads\/sites\/2\/2023\/10\/logo_TI-ASCOLTO.jpg\" alt=\"\" class=\"wp-image-3321\" srcset=\"https:\/\/lasalamandra.eu\/baby\/wp-content\/uploads\/sites\/2\/2023\/10\/logo_TI-ASCOLTO.jpg 540w, https:\/\/lasalamandra.eu\/baby\/wp-content\/uploads\/sites\/2\/2023\/10\/logo_TI-ASCOLTO-300x300.jpg 300w, https:\/\/lasalamandra.eu\/baby\/wp-content\/uploads\/sites\/2\/2023\/10\/logo_TI-ASCOLTO-150x150.jpg 150w, https:\/\/lasalamandra.eu\/baby\/wp-content\/uploads\/sites\/2\/2023\/10\/logo_TI-ASCOLTO-420x420.jpg 420w\" sizes=\"(max-width: 540px) 100vw, 540px\" \/><\/figure>\n","protected":false},"excerpt":{"rendered":"<p>Caro figlio, E\u2019 da un po&#8217; che non riesco pi\u00f9 a parlarti come vorrei. Essere tuo padre \u00e8 sempre stato il mio sogno, ero il tuo super pap\u00e0 quando eri piccolo. Ti ricordi i giochi insieme e le avventure in bici e la pesca insieme? Ah e quella volta che siamo saliti in macchina e [&hellip;]<\/p>\n","protected":false},"author":3,"featured_media":3324,"comment_status":"open","ping_status":"open","sticky":false,"template":"","format":"standard","meta":{"footnotes":""},"categories":[19,18],"tags":[],"acf":[],"_links":{"self":[{"href":"https:\/\/lasalamandra.eu\/baby\/wp-json\/wp\/v2\/posts\/3323"}],"collection":[{"href":"https:\/\/lasalamandra.eu\/baby\/wp-json\/wp\/v2\/posts"}],"about":[{"href":"https:\/\/lasalamandra.eu\/baby\/wp-json\/wp\/v2\/types\/post"}],"author":[{"embeddable":true,"href":"https:\/\/lasalamandra.eu\/baby\/wp-json\/wp\/v2\/users\/3"}],"replies":[{"embeddable":true,"href":"https:\/\/lasalamandra.eu\/baby\/wp-json\/wp\/v2\/comments?post=3323"}],"version-history":[{"count":1,"href":"https:\/\/lasalamandra.eu\/baby\/wp-json\/wp\/v2\/posts\/3323\/revisions"}],"predecessor-version":[{"id":3325,"href":"https:\/\/lasalamandra.eu\/baby\/wp-json\/wp\/v2\/posts\/3323\/revisions\/3325"}],"wp:featuredmedia":[{"embeddable":true,"href":"https:\/\/lasalamandra.eu\/baby\/wp-json\/wp\/v2\/media\/3324"}],"wp:attachment":[{"href":"https:\/\/lasalamandra.eu\/baby\/wp-json\/wp\/v2\/media?parent=3323"}],"wp:term":[{"taxonomy":"category","embeddable":true,"href":"https:\/\/lasalamandra.eu\/baby\/wp-json\/wp\/v2\/categories?post=3323"},{"taxonomy":"post_tag","embeddable":true,"href":"https:\/\/lasalamandra.eu\/baby\/wp-json\/wp\/v2\/tags?post=3323"}],"curies":[{"name":"wp","href":"https:\/\/api.w.org\/{rel}","templated":true}]}}