{"id":3063,"date":"2023-08-09T18:35:56","date_gmt":"2023-08-09T16:35:56","guid":{"rendered":"http:\/\/lasalamandra.eu\/baby\/?p=3063"},"modified":"2023-09-04T17:14:32","modified_gmt":"2023-09-04T15:14:32","slug":"centro-infanzia-casa-mia","status":"publish","type":"post","link":"https:\/\/lasalamandra.eu\/baby\/2023\/08\/09\/centro-infanzia-casa-mia\/","title":{"rendered":"Centro Infanzia Casa Mia"},"content":{"rendered":"\n<p><strong><span class=\"has-inline-color has-vivid-cyan-blue-color\">DATI GENERICI<\/span><\/strong><\/p>\n\n\n\n<p><strong>Nome:<\/strong> Centro Infanzia Casa Mia<br><strong>Et\u00e0:<\/strong> dai 6 mesi ai 6 anni<br><strong>Tipologia (riconoscimento Regione Veneto):<\/strong> NORMATIVA DI RIFERIMENTO. Decreto del Presidente del Consiglio dei Ministri del 7 giugno 1995. Schema generale di riferimento della &#8220;Carta dei servizi scolastici&#8221;. (GU n.138 del 15-6-1995) Legge Regionale n. 22\/2002. Autorizzazione all\u2019esercizio ed Accreditamento Istituzionale delle strutture socio-sanitarie, sanitarie e sociali. UNI EN ISO 9001 Requisiti per i sistemi di gestione per la qualit\u00e0. UNI 11034 Requisiti per i servizi all\u2019infanzia. UNI EN ISO 14001 Requisiti per i sistemi di gestione ambientale.<br>Convenzione Internazionale per i diritti dell&#8217;infanzia e dell&#8217;adolescenza\u201d. Approvata dall\u2019Assemblea generale delle Nazioni Unite il 20 novembre 1989, ratificata dall\u2019Italia con legge del 27 maggio 1991, n. 176. D.Lgs 231\/2001. Con delibera del Consiglio di Amministrazione CPS ha deciso di adottare il Modello Organizzativo previsto da questa legge. Tale modello \u00e8 finalizzato sia al miglioramento continuo del governo aziendale, specie per quanto attiene alla gestione dei rischi e dei relativi controlli interni, sia a prevenire la violazione dei principi di legalit\u00e0, trasparenza, correttezza e lealt\u00e0 da parte del personale e dei collaboratori tutti.<br>Casa Mia \u00e8 aperto dal 01 settembre 1996, \u00e8 autorizzato all\u2019esercizio-ex L.R. 22\/2002 con delibera n. 550 del 21\/05\/2008, \u00e8 accreditato con delibera n. 1352 del 11\/12\/2008.<br><strong>Indirizzo:<\/strong> Via delle Verine, 2\/a&nbsp;&#8211; frazione di&nbsp;San Pelajo, Comune di Treviso<br><strong>Telefono:<\/strong> 0422\/422346<br><strong>Sito internet:<\/strong> <a href=\"https:\/\/www.scuolainfanziacps.it\" target=\"_blank\" rel=\"noreferrer noopener\">Casa Mia<\/a><br><strong>Social:<\/strong> <a href=\"https:\/\/www.facebook.com\/profile.php?id=100057301966473\" target=\"_blank\" rel=\"noreferrer noopener\">Facebook<\/a><br><strong>Orari:<\/strong> Dalle 7:30 alle 16:30 con possibilit\u00e0 di prolungamento di orario fino alle 18:00<\/p>\n\n\n\n<div class=\"wp-block-image\"><figure class=\"aligncenter size-large\"><img decoding=\"async\" loading=\"lazy\" width=\"1024\" height=\"336\" src=\"https:\/\/lasalamandra.eu\/baby\/wp-content\/uploads\/sites\/2\/2023\/08\/scuola-infanzia-casa-mia-1024x336.jpg\" alt=\"\" class=\"wp-image-3062\" srcset=\"https:\/\/lasalamandra.eu\/baby\/wp-content\/uploads\/sites\/2\/2023\/08\/scuola-infanzia-casa-mia-1024x336.jpg 1024w, https:\/\/lasalamandra.eu\/baby\/wp-content\/uploads\/sites\/2\/2023\/08\/scuola-infanzia-casa-mia-300x99.jpg 300w, https:\/\/lasalamandra.eu\/baby\/wp-content\/uploads\/sites\/2\/2023\/08\/scuola-infanzia-casa-mia-768x252.jpg 768w, https:\/\/lasalamandra.eu\/baby\/wp-content\/uploads\/sites\/2\/2023\/08\/scuola-infanzia-casa-mia-1536x505.jpg 1536w, https:\/\/lasalamandra.eu\/baby\/wp-content\/uploads\/sites\/2\/2023\/08\/scuola-infanzia-casa-mia-696x229.jpg 696w, https:\/\/lasalamandra.eu\/baby\/wp-content\/uploads\/sites\/2\/2023\/08\/scuola-infanzia-casa-mia-1068x351.jpg 1068w, https:\/\/lasalamandra.eu\/baby\/wp-content\/uploads\/sites\/2\/2023\/08\/scuola-infanzia-casa-mia-1278x420.jpg 1278w, https:\/\/lasalamandra.eu\/baby\/wp-content\/uploads\/sites\/2\/2023\/08\/scuola-infanzia-casa-mia.jpg 1680w\" sizes=\"(max-width: 1024px) 100vw, 1024px\" \/><figcaption>Scuola Infanzia casa mia &#8211; treviso<\/figcaption><\/figure><\/div>\n\n\n\n<p><strong><span class=\"has-inline-color has-vivid-cyan-blue-color\">PROPOSTA EDUCATIVA<\/span><\/strong><\/p>\n\n\n\n<p>I punti di forza che caratterizzano il nostro centro infanzia sono:<\/p>\n\n\n\n<p>\u2022 Accoglienza a bambini-genitori dedicando particolare attenzione alla fase inserimento,<br>\u2022 Possibilit\u00e0 di gioco tra bambini di fasce diverse di et\u00e0,<br>\u2022 Possibilit\u00e0 di continuit\u00e0 educativa da fascia nido a scuola dell\u2019Infanzia,<br>\u2022 Possibilit\u00e0 di frequenza di fratelli di fasce diverse di et\u00e0,<br>\u2022 Lingua straniera,<br>\u2022 Psicomotricit\u00e0,<br>\u2022 Flessibilit\u00e0 negli orari d\u2019ingresso e d\u2019uscita,<br>\u2022 Spazi interni ed esterni ampi ed attrezzati,<br>\u2022 Aggiornamento e formazione permanente per il personale.<\/p>\n\n\n\n<p><strong>La nostra mission<\/strong><\/p>\n\n\n\n<p>Il Centro Infanzia CASA MIA istituito con la legge del 23.04.1990 n. 32 \u00e8 un sistema estremamente eterogeneo e dinamico che vuole rappresentare il massimo della complessit\u00e0 pedagogica ed educativa. L\u2019asilo nido e la scuola dell\u2019infanzia devono riuscire a<br>fondersi, integrando il pi\u00f9 possibile le loro rispettive metodologie nel rispetto delle diversit\u00e0disviluppo cognitivo dei bambini.<br>Il primo obiettivo che il nostro Centro Infanzia si pone \u00e8 il benessere del bambino e della sua famiglia, partendo dall\u2019attenzione di creare un luogo sereno che faccia sentire \u201caccolta\u201d tutta la famiglia.<br>Le finalit\u00e0 educative del nostro Centro Infanzia mirano a rafforzare l\u2019identit\u00e0 personale, l\u2019autonomia, la socializzazione e le competenze dei bambini.<br>Questi obiettivi sono collocati all\u2019interno di un progetto di scuola articolato ed unitario, che riconosce sul piano educativo, la priorit\u00e0 della famiglia e l\u2019importanza del territorio di appartenenza con le sue risorse sociali, istituzionali e culturali.<br>Ecco allora che gli obiettivi generali che il Centro Infanzia CASA MIA si pone:<br>\u2022 Favorire il benessere psicofisico del bambino<br>\u2022 Rispettare il bambino nella sua unicit\u00e0<br>\u2022 Favorire il riconoscimento della propria identit\u00e0 nonch\u00e9 la comprensione ed accoglienza della diversit\u00e0<br>\u2022 Favorire il processo di socializzazione ed inclusione tramite l\u2019incontro con l\u2019altro e lo sviluppo della capacit\u00e0 di dialogo<br>\u2022 Favorire lo sviluppo delle autonomie<br>\u2022 Favorire lo sviluppo della capacit\u00e0 di apprendere tramite la partecipazione attiva del bambino nel suo processo di apprendimento<\/p>\n\n\n\n<p>Il nostro intervento educativo si orienta perci\u00f2 verso la formazione integrale della personalit\u00e0 infantile rispettando l\u2019unicit\u00e0 di ogni bambino e viene attivato attraverso un ascolto empatico e attento ai bisogni dei bambini e dei genitori. Attraverso il gioco, le attivit\u00e0 e le routine le insegnanti cercano di stimolare i bambini per far emergere il loro vissuto, la propria storia e i legami affettivi.<br>Vogliamo facilitare l\u2019incontro con il mondo esterno e, quindi, l\u2019apprendimento di concetti, relazioni, differenziazioni, produzioni simboliche attraverso i linguaggi: logici, matematici, simbolo\u2014grafico\u2014pittorici, linguistici e motori.<br>Il nostro Centro Infanzia vuole contraddistinguersi per l\u2019attenzione prioritaria alla persona: \u00e8 per questo che il bambino viene messo al centro del nostro processo educativo come attore protagonista del proprio processo di crescita.<\/p>\n\n\n\n<p><strong>Il nostro progetto educativo<\/strong><\/p>\n\n\n\n<p>Descriviamo qui di seguito i documenti propri del Progetto Educativo e della Programmazione che CPS elabora, adotta e presenta ai genitori in ottemperanza al D.P.C.M. del 07\/06\/1994, art.7.6:<br>a. Progetto educativo d&#8217;istituto (P.E.I.)<br>b. Il Regolamento di Istituto<br>c. Progettazione educativa e didattica<br>d. Piano Triennale Offerta Formativa (P.T.O.F.) (Contratto formativo)<br>a. Progetto educativo d&#8217;istituto (P.E.I.)<\/p>\n\n\n\n<p><strong>a. Progetto educativo d&#8217;istituto (P.E.I.)<\/strong><\/p>\n\n\n\n<p>Il P.E.I. contiene le scelte educative ed organizzative e i criteri di utilizzazione delle risorse e costituisce un impegno per l&#8217;intera comunit\u00e0 scolastica.<\/p>\n\n\n\n<p>Integrato dal Regolamento d&#8217;istituto, definisce, in modo razionale e produttivo, il piano organizzativo in funzione delle proposte culturali, delle scelte educative e degli obiettivi formativi elaborati dai competenti organi della scuola.<br>Contiene, inoltre, i criteri relativi alla strutturazione delle sezioni e degli spazi educativi, le offerte educative e la valutazione complessiva del servizio scolastico.<\/p>\n\n\n\n<p>Il P.E.I. , Allegato n.1 alla Carta dei Sevizi, \u00e8 esposto e consultabile nella bacheca posta in ingresso del centro infanzia.<\/p>\n\n\n\n<p><strong>b. Il Regolamento di Istituto<\/strong><\/p>\n\n\n\n<p>Il REGOLAMENTO D\u2019ISTITUTO comprende le norme da osservare per il buon funzionamento del servizio, in particolare:<br>\u2022 Iscrizione, orari, apertura e calendario del centro<br>\u2022 Le rette e le modalit\u00e0 di pagamento<br>\u2022 I criteri di accesso alla sezione Nido e alla Scuola dell\u2019Infanzia<br>\u2022 Le modalit\u00e0 di inserimento<br>\u2022 La giornata tipo<br>\u2022 Il corredo richiesto<br>\u2022 Lo scheda di men\u00f9<br>\u2022 Le modalit\u00e0 di comunicazione con i genitori<br>\u2022 Il rispetto degli orari del centro infanzia<br>\u2022 Le regole per l\u2019utilizzo del giardino<br>\u2022 Le disposizioni sanitarie<\/p>\n\n\n\n<p>Il Regolamento d\u2019Istituto, Allegato n.2 alla Carta dei Sevizi, viene consegnato in copia ai genitori<br>all\u2019atto dell\u2019iscrizione del bambino.<\/p>\n\n\n\n<p><strong>c. Progettazione educativa e didattica.<\/strong><\/p>\n\n\n\n<p>La progettazione educativa e didattica viene elaborata annualmente dalle educatrici ed insegnanti con la Coordinatrice ed approvata dalla Presidente. Essa definisce gli obiettivi dell\u2019azione educativa, progetta i percorsi formativi e le attivit\u00e0 correlati, individua gli strumenti per la verifica e la valutazione dei percorsi educativo-didattici.<\/p>\n\n\n\n<p>La Programmazione, Allegato n.3 alla Carta dei Sevizi, viene consegnata in copia ai genitori nella prima riunione dell\u2019anno.<\/p>\n\n\n\n<p><strong>d. Piano Triennale dell\u2019Offerta Formativa (P.T.O.F.) (Contratto formativo)<\/strong><\/p>\n\n\n\n<p>Il contratto formativo \u00e8 la dichiarazione, esplicita e partecipata, dell&#8217;operato della scuola.<br>Sulla base del contratto formativo, la scuola deve:<br>\u2022 esprimere la propria offerta formativa;<br>\u2022 motivare il proprio intervento didattico;<br>\u2022 esplicitare le strategie, gli strumenti di verifica, i criteri di valutazione.<br>Il genitore deve:<br>\u2022conoscere l&#8217;offerta formativa;<br>\u2022conoscere gli obiettivi didattici ed educativi;<br>\u2022conoscere il percorso per raggiungerli;<br>\u2022esprimere pareri e proposte;<br>\u2022collaborare nelle attivit\u00e0.<\/p>\n\n\n\n<p>Il P.T.O.F., Allegato n.4 alla Carta dei Sevizi, \u00e8 esposto e consultabile nella bacheca posta in ingresso del centro infanzia, pu\u00f2 essere richiesto un duplicato alla segreteria della scuola al costo di \u20ac 5,00.<\/p>\n\n\n\n<p><strong>Verifica e valutazione del percorso pedagogico<\/strong><\/p>\n\n\n\n<p>La verifica e valutazione \u00e8 un processo pianificato durante e alla fine del percorso pedagogico che riconosce o modifica la validit\u00e0 del percorso progettato ed effettuato per li raggiungimento degli obiettivi prefissati.<br>Le educatrici ed insegnanti del Centro Infanzia svolgono la verifica del percorso pedagogico attraverso l&#8217;osservazione costante e documentata del bambino, del suo interagire con i materiali, gli spazi e le relazioni per verificare le competenze e le progressive acquisizioni, come pure l&#8217;interesse per le cose e la comunicazione nel piccolo o nel grande gruppo; anche le risposte dei bambini alle proposte organizzative e di contenuto rappresentano strumenti per verificare la validit\u00e0 o i punti deboli del progetto educativo.<\/p>\n\n\n\n<p>Le valutazioni sul singolo bambino vengono puntualmente comunicati ai genitori in sede di colloquio individuale con le educatrici\/insegnanti.<br>Le valutazioni che riguardano la progettazione educativa e didattica di sezione, nonch\u00e9 la rilevazione della soddisfazione dei genitori sono oggetto di condivisione tra educatrici\/insegnati in sede di riunione di collettivo.<\/p>\n\n\n\n<p>Attualmente sono presenti al nido i seguenti laboratori:<br>laboratorio&nbsp;di lettura, laboratorio&nbsp;di inglese,&nbsp;laboratorio dimensione natura in outdoor, laboratorio colore, laboratorio di musica e psicomotricit\u00e0 con una professionista esterna.<\/p>\n\n\n\n<p><strong><span class=\"has-inline-color has-vivid-cyan-blue-color\">SPAZI DELLA STRUTTURA<\/span><\/strong><\/p>\n\n\n\n<p>Gli spazi del servizio sono organizzati in modo funzionale all\u2019utenza ospitata, alle attivit\u00e0 educative e ludiche svolte e ai servizi. Viene assicurata la presenza di ambienti educativi e di gioco, per l\u2019accoglienza e il commiato, spazi utilizzabili per il pranzo e le merende e destinati al riposo, del locale per l\u2019igiene dei bambini e spazi all\u2019aperto.<\/p>\n\n\n\n<p>La sezione Nido dispone di sala per attivit\u00e0 e centri di interesse, sala da pranzo e sala riposo. La sala per il riposo comprende lettini individuali.<\/p>\n\n\n\n<p>La struttura dispone di cucina interna e sale pranzo arredate a misura di bambino, adeguate alle diverse fasce di et\u00e0. I servizi igienici sono stati realizzati tenendo conto delle diverse et\u00e0 dei bambini con installazione di sanitari di dimensioni adeguate.<br>Lo spazio fisico e psicologico delle sezioni \u00e8 rivolto alla valorizzazione sia del mondo interno del bambino, per porre attenzione alle sue emozioni, sia al mondo esterno, quello dell\u2019azione, che favorisce l\u2019acquisizione di competenze.<\/p>\n\n\n\n<p><strong>Strutturazione degli angoli di interesse nella sezione<\/strong><\/p>\n\n\n\n<p>Gli spazi riservati alle attivit\u00e0 sono suddivisi in angoli di interesse:<\/p>\n\n\n\n<ul><li>angolo morbido per i pi\u00f9 piccoli;<\/li><li>angolo dell&#8217;esperienza senso-motoria del corpo;<\/li><li>angolo dell&#8217;esperienza logica;<\/li><li>angolo dell&#8217;esperienza della comunicazione;<\/li><li>angolo del gioco simbolico.<\/li><\/ul>\n\n\n\n<p>Gli angoli di interesse si modulano sull&#8217;evoluzione dei bisogni del bambino: dallo spazio di entrata e di uscita, uno spazio di transizione tra famiglia e nido che, come un rituale costante, simbolicamente contiene la paura del distacco e rassicura rispetto al ritorno e dove infatti ogni giorno il bambino lascia e ritrova il proprio genitore, all&#8217;angolo dell&#8217;affettivit\u00e0, un luogo di accoglimento e di contenenza, agli spazi del movimento morbido e del movimento veloce, fino agli ateliers o centri di interesse &nbsp;dove la relazione con l&#8217;esterno a s\u00e9 si articola attraverso i momenti dell&#8217;incontro, della scoperta, della conoscenza, della possibilit\u00e0 di produrre modificazioni sul reale.<br>I bambini sono suddivisi in gruppi e poi ancora in piccoli sottogruppi secondo il livello reale di sviluppo e di interesse.<\/p>\n\n\n\n<p><strong>Strutturazione dei centri di interesse disponibili<\/strong><\/p>\n\n\n\n<ol type=\"1\"><li>Manipolazione &#8211; grafico \u2013 pittorico<\/li><li>Letture animate<\/li><li>Musicale \u2013 percettivo<\/li><li>Linguaggio<\/li><li>Attivit\u00e0 all&#8217;aria aperta e scoperta dell&#8217;ambiente.<\/li><\/ol>\n\n\n\n<p>Le attivit\u00e0 di laboratorio vengono effettuate da esperti e&nbsp;dalle educatrici ,portano ricchezza di esperienze formative ai bambini. Di anno in anno vanno programmati i laboratori, diversamente utilizzati in base alla fascia di et\u00e0. Nelle riunioni di inizio anno sar\u00e0 data dettagliata informazione ai genitori riguardo all&#8217;attivazione degli stessi.<\/p>\n\n\n\n<p><strong>Il giardino<\/strong><\/p>\n\n\n\n<p>Un elemento importante nel nostro servizio educativo \u00e8 la presenza del GIARDINO. L\u2019area esterna rappresenta l\u2019indispensabile completamento e prolungamento delle aree interne. Il gioco all\u2019aperto \u00e8 un bisogno intrinseco che d\u00e0 ai bambini la possibilit\u00e0 di vivere esperienze che non possono essere offerte all\u2019interno del nido. Come gli spazi interni anche gli spazi esterni devono essere progettati, cio\u00e8 investiti dalla riflessione degli adulti.<\/p>\n\n\n\n<div class=\"wp-block-image\"><figure class=\"aligncenter size-large\"><img decoding=\"async\" loading=\"lazy\" width=\"850\" height=\"200\" src=\"https:\/\/lasalamandra.eu\/baby\/wp-content\/uploads\/sites\/2\/2023\/08\/casa-mia-nido.jpg\" alt=\"\" class=\"wp-image-3061\" srcset=\"https:\/\/lasalamandra.eu\/baby\/wp-content\/uploads\/sites\/2\/2023\/08\/casa-mia-nido.jpg 850w, https:\/\/lasalamandra.eu\/baby\/wp-content\/uploads\/sites\/2\/2023\/08\/casa-mia-nido-300x71.jpg 300w, https:\/\/lasalamandra.eu\/baby\/wp-content\/uploads\/sites\/2\/2023\/08\/casa-mia-nido-768x181.jpg 768w, https:\/\/lasalamandra.eu\/baby\/wp-content\/uploads\/sites\/2\/2023\/08\/casa-mia-nido-696x164.jpg 696w\" sizes=\"(max-width: 850px) 100vw, 850px\" \/><\/figure><\/div>\n\n\n\n<p><strong><span class=\"has-inline-color has-vivid-cyan-blue-color\">ALIMENTAZIONE<\/span><\/strong><\/p>\n\n\n\n<p>Il Centro Infanzia&nbsp; \u00e8 dotato di una mensa interna con cuoca&nbsp;interna alla struttura.<br>Il Centro Infanzia prevede:<br>\u2022 colazione al mattino (ore 9.00\/9.30)<br>\u2022 pranzo (ore 11.00\/12.00 Nido e ore 11.30\/12.30 Scuola dell\u2019Infanzia)<br>\u2022 merenda al pomeriggio (ore 15.00\/15.30 Nido e ore 15.15\/15.45 Sc. dell\u2019Infanzia)<\/p>\n\n\n\n<p>Una alimentazione varia, equilibrata e modellata in base ai fabbisogni e ai gusti dei bambini, fornisce ad essi, in modo naturale e adeguato, tutti i principi nutritivi, le vitamine, e gli oligoelementi necessari ad una crescita armoniosa.<br>Il men\u00f9 \u00e8 stato elaborato dal Servizio Igiene Alimenti e Nutrizione del Dipartimento di Prevenzione dell&#8217;Azienda Ulss 2 Marca Trevigiana. \u00c8 un men\u00f9 studiato appositamente per soddisfare sia le esigenze nutritive, sia i gusti dei bimbi, rispettando la necessit\u00e0 di seguire una certa ciclicit\u00e0 nell\u2019assunzione di determinati cibi anche in relazione alle varie stagioni e ai fabbisogni dei nostri piccoli, oltre a seguire un apporto calorico bilanciato.<br>Per quanto riguarda le diete speciali e qualora se ne presentasse la necessit\u00e0 &nbsp;opportunamente certificata, sar\u00e0 seguito uno specifico menu parallelo a quello standard.<\/p>\n\n\n\n<p>Qualit\u00e0 alimentare. Si traduce nell\u2019applicazione delle norme igienico-sanitarie per la preparazione e distribuzione degli alimenti. Standard:<br>\u2022 Osservanza del men\u00f9 e delle linee guida emanate da ULSS 2 Marca Trevigiana;<br>\u2022 Osservanza del piano di autocontrollo contenente le norme igieniche per la produzione e somministrazione dei pasti;<br>\u2022 Monitoraggio microbiologico semestrale su alimenti e superfici e monitoraggio chimico-microbiologico biennale dell\u2019acqua potabile.<\/p>\n\n\n\n<p><strong><span class=\"has-inline-color has-vivid-cyan-blue-color\">ORARI E PACCHETTI<\/span><\/strong><\/p>\n\n\n\n<p>Le educatrici e le insegnanti conferiscono identit\u00e0 alle scansioni della giornata sia nelle attivit\u00e0 di routine (es. pranzo e merenda, cambio ed igiene, nanna&#8230;.) sia nelle attivit\u00e0 relative alla programmazione educativo-didattica.<br>Ecco la giornata tipo:<br>07.30\u201309.00 Accoglienza<br>09.00\u201309.30 Igiene e Merenda<br>09.30-10.45 Attivit\u00e0 programmate \/ nanna<br>10.45-11.15 Cambio e igiene<br>11.15-11.45 Pranzo<br>11.45-12.30 Igiene, preparativi per la nanna o gioco<br>12.30-13.00 Consegna ai genitori<br>13:00-14.45 Nanna<br>14.45-15.15 Risveglio, cambio ed igiene<br>15.15-16.00 Merenda<br>16.00-16.30 Giochi in sala e consegna genitori<\/p>\n\n\n\n<p>Il nostro Centro Infanzia \u00e8 aperto dalle 7:30 alle 16:30 con la possibilit\u00e0 di un prolungamento di orario fino alle 18:00.<\/p>\n\n\n\n<p>Esiste la possibilit\u00e0 di scegliere:<br>&#8211; un tempo ridotto, dalle 7:30 alle 12:30\/13:00;<br>&#8211; un tempo pieno, dalle 7:30 alle 16:30 con possibilit\u00e0 di prolungamento di orario extra;<br>&#8211; 3 giorni alla settimana consecutivi con tempo pieno.<\/p>\n\n\n\n<p><strong><span class=\"has-inline-color has-vivid-cyan-blue-color\">CHI SIAMO\/STORIA<\/span><\/strong><\/p>\n\n\n\n<p>Cooperativa Provinciale Servizi \u00e8 una cooperativa sociale nata nel 1982, svolge servizi alla persona rivolti a diverse tipologie di utenza: bambini, persone anziane, persone con disabilit\u00e0 o in disagio sociale.<\/p>\n\n\n\n<p>Dal 1994 opera nei servizi educativi per l\u2019infanzia e progetta e gestisce&nbsp;Centri Infanzia:<br>1996: Centro Infanzia Casa Mia a Treviso<br>2007: Centro Infanzia &#8220;Primo Volo&#8221; per il Comune di Istrana<br>2021: Scuola dell\u2019Infanzia &#8220;San Giuseppe&#8221; per la Parrocchia di Pero di Breda di Piave.<\/p>\n\n\n\n<p>Nel nostro nido, vi lavorano le educatrici Marika, Chiara e Sabina nella sezione dei Pesciolini Rossi; nella sezione dei Pesciolini Gialli vi accoglieranno le educatrici Chiara, Paola, Alessia, Emily, Giorgia e Maria.<\/p>\n\n\n\n<figure class=\"wp-block-embed-youtube wp-block-embed is-type-video is-provider-youtube wp-embed-aspect-4-3 wp-has-aspect-ratio\"><div class=\"wp-block-embed__wrapper\">\n<div class=\"youtube-embed\" data-video_id=\"M5Nr2zste8Y\"><iframe loading=\"lazy\" title=\"VIDEO CASA MIA 2021\" width=\"696\" height=\"522\" src=\"https:\/\/www.youtube.com\/embed\/M5Nr2zste8Y?feature=oembed&#038;enablejsapi=1&#038;enablejsapi=1\" frameborder=\"0\" allow=\"accelerometer; autoplay; clipboard-write; encrypted-media; gyroscope; picture-in-picture; web-share\" allowfullscreen><\/iframe><\/div>\n<\/div><\/figure>\n","protected":false},"excerpt":{"rendered":"<p>DATI GENERICI Nome: Centro Infanzia Casa MiaEt\u00e0: dai 6 mesi ai 6 anniTipologia (riconoscimento Regione Veneto): NORMATIVA DI RIFERIMENTO. Decreto del Presidente del Consiglio dei Ministri del 7 giugno 1995. Schema generale di riferimento della &#8220;Carta dei servizi scolastici&#8221;. (GU n.138 del 15-6-1995) Legge Regionale n. 22\/2002. Autorizzazione all\u2019esercizio ed Accreditamento Istituzionale delle strutture socio-sanitarie, [&hellip;]<\/p>\n","protected":false},"author":3,"featured_media":3062,"comment_status":"open","ping_status":"open","sticky":false,"template":"","format":"standard","meta":{"footnotes":""},"categories":[28],"tags":[],"acf":[],"_links":{"self":[{"href":"https:\/\/lasalamandra.eu\/baby\/wp-json\/wp\/v2\/posts\/3063"}],"collection":[{"href":"https:\/\/lasalamandra.eu\/baby\/wp-json\/wp\/v2\/posts"}],"about":[{"href":"https:\/\/lasalamandra.eu\/baby\/wp-json\/wp\/v2\/types\/post"}],"author":[{"embeddable":true,"href":"https:\/\/lasalamandra.eu\/baby\/wp-json\/wp\/v2\/users\/3"}],"replies":[{"embeddable":true,"href":"https:\/\/lasalamandra.eu\/baby\/wp-json\/wp\/v2\/comments?post=3063"}],"version-history":[{"count":2,"href":"https:\/\/lasalamandra.eu\/baby\/wp-json\/wp\/v2\/posts\/3063\/revisions"}],"predecessor-version":[{"id":3065,"href":"https:\/\/lasalamandra.eu\/baby\/wp-json\/wp\/v2\/posts\/3063\/revisions\/3065"}],"wp:featuredmedia":[{"embeddable":true,"href":"https:\/\/lasalamandra.eu\/baby\/wp-json\/wp\/v2\/media\/3062"}],"wp:attachment":[{"href":"https:\/\/lasalamandra.eu\/baby\/wp-json\/wp\/v2\/media?parent=3063"}],"wp:term":[{"taxonomy":"category","embeddable":true,"href":"https:\/\/lasalamandra.eu\/baby\/wp-json\/wp\/v2\/categories?post=3063"},{"taxonomy":"post_tag","embeddable":true,"href":"https:\/\/lasalamandra.eu\/baby\/wp-json\/wp\/v2\/tags?post=3063"}],"curies":[{"name":"wp","href":"https:\/\/api.w.org\/{rel}","templated":true}]}}