{"id":3047,"date":"2023-08-09T17:11:53","date_gmt":"2023-08-09T15:11:53","guid":{"rendered":"http:\/\/lasalamandra.eu\/baby\/?p=3047"},"modified":"2023-09-04T17:13:42","modified_gmt":"2023-09-04T15:13:42","slug":"nido-appiani-degli-angeli-custodi","status":"publish","type":"post","link":"https:\/\/lasalamandra.eu\/baby\/2023\/08\/09\/nido-appiani-degli-angeli-custodi\/","title":{"rendered":"Nido Appiani &#8220;degli Angeli Custodi&#8221;"},"content":{"rendered":"\n<p><strong><span class=\"has-inline-color has-vivid-cyan-blue-color\">DATI GENERICI<\/span><\/strong><\/p>\n\n\n\n<div class=\"wp-block-image\"><figure class=\"alignleft size-large\"><img decoding=\"async\" loading=\"lazy\" width=\"208\" height=\"201\" src=\"https:\/\/lasalamandra.eu\/baby\/wp-content\/uploads\/sites\/2\/2023\/08\/logo-nido-appiani.jpg\" alt=\"\" class=\"wp-image-3048\" \/><\/figure><\/div>\n\n\n\n<p><strong>NOME:<\/strong> Nido Appiani \u201cdegli angeli custodi\u201d<br><strong>ETA\u2019:<\/strong> il servizio \u00e8 rivolto a tutti i bambini da 12 ai 36 mesi<br><strong>TIPOLOGIA: <\/strong>\u00e8 un servizio diurno strutturato in modo simile ad un asilo nido; \u00e8 collocato nello stesso edificio della scuola dell\u2019infanzia e svolge attivit\u00e0 sociale ed educativa mediante collegamenti integrativi con le attivit\u00e0 della scuola dell\u2019infanzia secondo un progetto concordato tra soggetti gestori. La capacit\u00e0 ricettiva \u00e8 di massimo 29 bambini, ma al fine di perseguire il pieno utilizzo delle risorse attivate nel servizio pu\u00f2 prevedere, anche in relazione alla presenza media dei bambini, un numero d\u2019ammissioni superiore ai posti effettivamente attivati in misura non superiore al 20%. La pianta organica del personale assicura la presenza di un educatore ogni 8 per i bambini d\u2019et\u00e0 superiore ai 12 mesi, anche in relazione alla frequenza massima. Riferimenti legislativi: L.R. 32\/1990 che disciplina gli interventi della Regione Veneto per i Servizi educativi alla prima infanzia- asili nido e servizi innovativi-; L. R. 22\/2002 e la successiva delibera n. 84\/2007che definiscono i termini per l\u2019autorizzazione e l\u2019accreditamento delle strutture sociali, socio-sanitarie e sanitarie.<br><strong>INDIRIZZO:<\/strong> via Noalese, 53 &#8211; Treviso<br><strong>TELEFONO:<\/strong> 0422\/230356<br><strong>SITO INTERNET<\/strong>: <a href=\"https:\/\/www.appianiturazza.it\/\" target=\"_blank\" rel=\"noreferrer noopener\">www.appianiturazza.it<\/a><br><strong>SOCIAL:<\/strong> <a href=\"https:\/\/www.facebook.com\/IPABAppianiTurazza\" target=\"_blank\" rel=\"noreferrer noopener\">Facebook<\/a><br><strong>ORARI:<\/strong> dal luned\u00ec al venerd\u00ec dalle ore 07:30 alle ore 17:00<\/p>\n\n\n\n<div class=\"wp-block-image\"><figure class=\"aligncenter size-large\"><img decoding=\"async\" loading=\"lazy\" width=\"433\" height=\"362\" src=\"https:\/\/lasalamandra.eu\/baby\/wp-content\/uploads\/sites\/2\/2023\/08\/Nido-Appiani-ESTERNO.jpg\" alt=\"\" class=\"wp-image-3050\" srcset=\"https:\/\/lasalamandra.eu\/baby\/wp-content\/uploads\/sites\/2\/2023\/08\/Nido-Appiani-ESTERNO.jpg 433w, https:\/\/lasalamandra.eu\/baby\/wp-content\/uploads\/sites\/2\/2023\/08\/Nido-Appiani-ESTERNO-300x251.jpg 300w\" sizes=\"(max-width: 433px) 100vw, 433px\" \/><\/figure><\/div>\n\n\n\n<p><strong><span class=\"has-inline-color has-vivid-cyan-blue-color\">PROPOSTA EDUCATIVA<\/span><\/strong><\/p>\n\n\n\n<p>Al nido integrato ogni giorno, oltre ai momenti di routine, sono previsti dei momenti di proposte educative intesi come approccio del bambino alla manipolazione, al colore, al movimento, al suono ecc\u2026, in relazione allo sviluppo delle capacit\u00e0 percettive, motorie, linguistiche all\u2019interno di progetti elaborati e condivisi dall\u2019intera equipe educativa, ma sviluppati dai bambini stessi. Il bambino \u00e8 dunque protagonista del suo operato e non spettatore di quanto gli viene proposto. Alla base dei nostri progetti e laboratori educativi-didattici poniamo la flessibilit\u00e0: ci rendiamo disponibili al cambiamento e agli imprevisti che ogni bambino\/a introduce. Le esperienze, di gioco e attivit\u00e0 strutturate, offrono una pluralit\u00e0 di occasioni che vengono arricchite e articolate a seconda degli interessi e delle competenze dei\/lle bambini\/e. Si svolgono con regolarit\u00e0 e in forma ludica e sono relative allo sviluppo psicomotorio, del linguaggio e delle capacit\u00e0 comunicative, all\u2019espressione creativa e costruttiva, allo sviluppo delle competenze simbolico-rappresentative e narrative. Alcuni materiali di gioco sono a disposizione dei\/lle bambini\/e che si organizzano autonomamente negli angoli predisposti utilizzandoli liberamente; altre occasioni di gioco vengono predisposte dall\u2019adulto sulla base degli interessi e delle potenzialit\u00e0 dei bambini\/e.<\/p>\n\n\n\n<p><strong><span class=\"has-inline-color has-vivid-cyan-blue-color\">SPAZI DELLA STRUTTURA<\/span><\/strong><\/p>\n\n\n\n<p>La strutturazione dello spazio e la disposizione degli arredi rappresentano un elemento fondamentale; attraverso la cura degli ambienti si trasmette un messaggio di serenit\u00e0 e di accoglienza ai\/lle bambini\/e e ai genitori; attraverso la personalizzazione degli ambienti si accoglie l\u2019individualit\u00e0 dei soggetti, se ne rinforza l\u2019identit\u00e0 e grazie alla loro differenziazione se ne orienta l\u2019attivit\u00e0 e se ne favorisce la comunicazione, lo scambio sociale e cognitivo.<\/p>\n\n\n\n<p>Il nostro nido \u00e8 suddiviso in spazi cos\u00ec disposti:<\/p>\n\n\n\n<ul><li><strong>Ingresso:<\/strong> \u00e8 il primo spazio che il genitore insieme al proprio bambino\/a attraversa entrando al nido. Rappresenta una \u201cfinestra aperta\u201d sul lavoro quotidiano. Parte del progetto educativo si esplicita tramite la documentazione fotografica e le informazioni che la regolamentano, opportunamente inserite in pannelli espositori, permettendo a chiunque entri al nido di orientarsi e di trovare messaggi sul valore di ci\u00f2 che accade nel servizio. Dall\u2019ingresso si accede anche ad un soppalco dove \u00e8 allestito l\u2019ambulatorio\/ufficio dove si svolgono i colloqui con i genitori. Il nido dispone inoltre di servizi igienici e spazi per il personale.<\/li><li><strong>Salone<\/strong>: \u00e8 un ambiente ampio, spazioso e ampiamente illuminato da porte e finestre. \u00c8 lo spazio dove si accolgono i bambini e le bambine e dove vengono organizzati momenti di intersezione secondo turni, modalit\u00e0 e piani di lavoro concordati collettivamente all\u2019inizio dell\u2019anno scolastico. Il salone \u00e8 allestito con tappeti, cuscini, scivoli, facilitando il realizzarsi di percorsi motori.<\/li><li>Dal salone si accede alle sezioni e alla <strong>zona del sonno<\/strong> dei pi\u00f9 grandi. Ogni bambino\/a possiede un proprio lettino contrassegnato dal proprio simbolo. \u00c8 uno spazio caratterizzato in modo da alimentare un\u2019atmosfera di tranquillit\u00e0 e intimit\u00e0.<\/li><li>&nbsp;Le <strong>sezioni<\/strong>, dalle quali si accede attraverso il salone, si differenziano a seconda dell\u2019et\u00e0 dei bambini e bambine che accoglie, in quanto la strutturazione viene pensata tenendo in considerazione le caratteristiche evolutive dei\/lle bambini\/e, le competenze acquisite, cos\u00ec come le autonomie raggiunte.<\/li><li>La <strong>sala da pranzo<\/strong> \u00e8 comune per le tre sezioni: sono presenti tavoli semicircolari corredati da seggiolini per i soggetti pi\u00f9 piccoli e tavoli rettangolari per i bambini e bambine con un\u2019autonomia maggiore. I momenti dedicati all\u2019alimentazione (colazione, pranzo, merenda) sono molto importanti nella giornata valorizzando anche la gioia di mangiare insieme e l\u2019assaggiare e sperimentare cibi nuovi e diversi.<\/li><li>All\u2019esterno c\u2019\u00e8 <strong>il giardino:<\/strong> uno spazio fondamentale poich\u00e9 le esperienze all\u2019aperto favoriscono molteplici occasioni di crescita attraverso il contatto con la natura e sollecitano esperienze sensoriali ed emozionali significative (possibilit\u00e0 di esplorare elementi naturali come l\u2019erba e la sabbia, appositamente collocata nella sabbiera). Il giardino per i pi\u00f9 piccoli \u00e8 diviso da quello dei bambini e bambine pi\u00f9 grandi in quanto i bisogni e le caratteristiche evolutive sono molto diverse e vanno rispettate e supportate. Nella zona antistante la struttura \u00e8 presente un <strong>giardino sensoriale<\/strong> dove i bambini e le bambine possono fare esperienze specifiche ed \u00e8 anche presente una <strong>fattoria didattica<\/strong> con animali da cortile e alcune caprette.<\/li><\/ul>\n\n\n\n<div class=\"wp-block-image\"><figure class=\"aligncenter size-large\"><img decoding=\"async\" loading=\"lazy\" width=\"686\" height=\"615\" src=\"https:\/\/lasalamandra.eu\/baby\/wp-content\/uploads\/sites\/2\/2023\/08\/Nido-Appiani-INTERNO.jpg\" alt=\"\" class=\"wp-image-3046\" srcset=\"https:\/\/lasalamandra.eu\/baby\/wp-content\/uploads\/sites\/2\/2023\/08\/Nido-Appiani-INTERNO.jpg 686w, https:\/\/lasalamandra.eu\/baby\/wp-content\/uploads\/sites\/2\/2023\/08\/Nido-Appiani-INTERNO-300x269.jpg 300w, https:\/\/lasalamandra.eu\/baby\/wp-content\/uploads\/sites\/2\/2023\/08\/Nido-Appiani-INTERNO-468x420.jpg 468w\" sizes=\"(max-width: 686px) 100vw, 686px\" \/><\/figure><\/div>\n\n\n\n<div class=\"wp-block-image\"><figure class=\"aligncenter size-large\"><img decoding=\"async\" loading=\"lazy\" width=\"413\" height=\"552\" src=\"https:\/\/lasalamandra.eu\/baby\/wp-content\/uploads\/sites\/2\/2023\/08\/Nido-Appiani-GIARDINO-rotated.jpg\" alt=\"\" class=\"wp-image-3051\" srcset=\"https:\/\/lasalamandra.eu\/baby\/wp-content\/uploads\/sites\/2\/2023\/08\/Nido-Appiani-GIARDINO-rotated.jpg 413w, https:\/\/lasalamandra.eu\/baby\/wp-content\/uploads\/sites\/2\/2023\/08\/Nido-Appiani-GIARDINO-224x300.jpg 224w, https:\/\/lasalamandra.eu\/baby\/wp-content\/uploads\/sites\/2\/2023\/08\/Nido-Appiani-GIARDINO-314x420.jpg 314w\" sizes=\"(max-width: 413px) 100vw, 413px\" \/><\/figure><\/div>\n\n\n\n<p><strong><span class=\"has-inline-color has-vivid-cyan-blue-color\">ALIMENTAZIONE<\/span><\/strong><\/p>\n\n\n\n<p>Il Nido Appiani \u201cdegli angeli custodi\u201d \u00e8 dotato di un servizio mensa con cucina interna e personale qualificato che si occupa della preparazione degli alimenti e dei pasti completi. Il pranzo prevede un men\u00f9 invernale ed uno estivo approvato dall\u2019Ulss 9 di Treviso ed offre garanzia di salubrit\u00e0 ed igienicit\u00e0 degli alimenti tramite un piano di autocontrollo (HACCP) in ottemperanza al regolamento CEE 852\/2004. Varia su un calendario di 4 settimane nel rispetto dei prodotti di stagione che vengono acquistati settimanalmente o giornalmente presso le ditte fornitrici. In alcune giornate, infatti, il men\u00f9 potr\u00e0 subire delle variazioni in particolare per le verdure crude e\/o cotte, a seconda dell\u2019approvvigionamento delle materie prime. I men\u00f9 alimentari, utilizzati per garantire una sana ed equilibrata nutrizione del bambino in rapporto alla sua et\u00e0 ed ai suoi bisogni, vengono studiati ed elaborati dall\u2019apposito servizio della azienda sanitaria ASL territoriale competente. In caso di allergie a determinati alimenti \u00e8 necessario far pervenire un elenco dei cibi da escludere sulla base di un certificato medico e l\u2019indicazione della dieta sostitutiva alla Direzione del Nido (la personalizzazione della dieta sar\u00e0 concordata anche in caso di motivazioni religiose e culturali).<\/p>\n\n\n\n<div class=\"wp-block-image\"><figure class=\"aligncenter size-large\"><img decoding=\"async\" loading=\"lazy\" width=\"850\" height=\"477\" src=\"https:\/\/lasalamandra.eu\/baby\/wp-content\/uploads\/sites\/2\/2023\/08\/Nido-Appiani-CUCINA.jpg\" alt=\"\" class=\"wp-image-3049\" srcset=\"https:\/\/lasalamandra.eu\/baby\/wp-content\/uploads\/sites\/2\/2023\/08\/Nido-Appiani-CUCINA.jpg 850w, https:\/\/lasalamandra.eu\/baby\/wp-content\/uploads\/sites\/2\/2023\/08\/Nido-Appiani-CUCINA-300x168.jpg 300w, https:\/\/lasalamandra.eu\/baby\/wp-content\/uploads\/sites\/2\/2023\/08\/Nido-Appiani-CUCINA-768x431.jpg 768w, https:\/\/lasalamandra.eu\/baby\/wp-content\/uploads\/sites\/2\/2023\/08\/Nido-Appiani-CUCINA-696x391.jpg 696w, https:\/\/lasalamandra.eu\/baby\/wp-content\/uploads\/sites\/2\/2023\/08\/Nido-Appiani-CUCINA-748x420.jpg 748w\" sizes=\"(max-width: 850px) 100vw, 850px\" \/><\/figure><\/div>\n\n\n\n<p><strong><span class=\"has-inline-color has-vivid-cyan-blue-color\">ORARI E PACCHETTI<\/span><\/strong><\/p>\n\n\n\n<p>La giornata dei bambini e delle bambine al nido si articola in questo modo:<br><strong>Ore 07.30 &#8211; 09.00&nbsp;&nbsp;&nbsp;&nbsp;&nbsp;&nbsp;&nbsp;&nbsp;&nbsp;&nbsp;&nbsp;&nbsp; <\/strong>Entrata al nido con attivit\u00e0 libere o guidate<br><strong>Ore 09.00 \u2013 09.30&nbsp;&nbsp;&nbsp;&nbsp;&nbsp;&nbsp;&nbsp;&nbsp;&nbsp;&nbsp;&nbsp; <\/strong>Piccola merenda o colazione<br><strong>Ore 09.30 &#8211; 09.45&nbsp;&nbsp;&nbsp;&nbsp;&nbsp;&nbsp;&nbsp;&nbsp;&nbsp;&nbsp;&nbsp;&nbsp; <\/strong>Cambio (uso del bagno)<br><strong>Ore 09.45 \u2013 10.45&nbsp;&nbsp;&nbsp;&nbsp;&nbsp;&nbsp;&nbsp;&nbsp;&nbsp;&nbsp;&nbsp; <\/strong>Attivit\u00e0 programmate<br><strong>Ore 10.45 \u2013 11.00&nbsp;&nbsp;&nbsp;&nbsp;&nbsp;&nbsp;&nbsp;&nbsp;&nbsp;&nbsp;&nbsp; <\/strong>Preparazione al pranzo<br><strong>Ore 11.00 \u2013 11.30&nbsp;&nbsp;&nbsp;&nbsp;&nbsp;&nbsp;&nbsp;&nbsp;&nbsp;&nbsp;&nbsp; <\/strong>Pranzo<br><strong>Ore 11.30 \u2013 11.45&nbsp;&nbsp;&nbsp;&nbsp;&nbsp;&nbsp;&nbsp;&nbsp;&nbsp;&nbsp;&nbsp; <\/strong>Cambio (uso del bagno)<br><strong>Ore 11.45 \u2013 12.30&nbsp;&nbsp;&nbsp;&nbsp;&nbsp;&nbsp;&nbsp;&nbsp;&nbsp;&nbsp;&nbsp; <\/strong>Attivit\u00e0 ludiche libere in salone<br><strong>Ore 12.00 <a>\u2013 <\/a>13.00&nbsp;&nbsp;&nbsp;&nbsp;&nbsp;&nbsp;&nbsp;&nbsp;&nbsp;&nbsp;&nbsp; <\/strong>1\u00b0 uscita<br><strong>Ore 12.30 \u2013 15.00&nbsp;&nbsp;&nbsp;&nbsp;&nbsp;&nbsp;&nbsp;&nbsp;&nbsp;&nbsp;&nbsp; <\/strong>Momento del sonno<br><strong>Ore 15.00 \u2013 15.15&nbsp;&nbsp;&nbsp;&nbsp;&nbsp;&nbsp;&nbsp;&nbsp;&nbsp;&nbsp;&nbsp; <\/strong>Cambio (uso del bagno)<br><strong>Ore 15.15 \u2013 15.45&nbsp;&nbsp;&nbsp;&nbsp;&nbsp;&nbsp;&nbsp;&nbsp;&nbsp;&nbsp;&nbsp; <\/strong>Merenda<br><strong>Ore 15.45 \u2013 17.00&nbsp;&nbsp;&nbsp;&nbsp;&nbsp;&nbsp;&nbsp;&nbsp;&nbsp;&nbsp;&nbsp; <\/strong>Attivit\u00e0 ludiche libere in salone e 2\u00b0uscita<br><strong>Ore 17.00&nbsp;&nbsp;&nbsp;&nbsp;&nbsp;&nbsp;&nbsp;&nbsp;&nbsp;&nbsp;&nbsp; &nbsp;&nbsp;&nbsp;&nbsp;&nbsp;&nbsp;&nbsp;&nbsp;&nbsp;&nbsp;&nbsp;&nbsp;&nbsp;&nbsp;&nbsp; <\/strong>Ultima uscita, entro e non oltre questo orario<\/p>\n\n\n\n<p><strong><span class=\"has-inline-color has-vivid-cyan-blue-color\">CHI SIAMO\/STORIA<\/span><\/strong><\/p>\n\n\n\n<p>La denominazione dell\u2019Ente \u00e8 Appiani-Turazza\u201d traendo esso origine dalla fusione, disposta con Decreto del Dirigente Regionale per i Servizi Sociali, delle due seguenti Istituzioni Pubbliche e di Assistenza e Beneficienza:<\/p>\n\n\n\n<ul><li><strong>\u201cIstituto Turazza\u201d<\/strong> con sede in Treviso via Turazza,n.11 che con regio decreto del 27 maggio 1923 sono state fuse in un\u2019unica I.P.A.B. le istituzioni di \u201cPio Istituto Turazza\u201d di Treviso, fondato nel 1857 dal sacerdote prof. Don Quirico Turazza&nbsp; con R.D. 6 maggio 1875,avente lo scopo di accogliere i giovani abbandonati di ambo i sessi, e il \u201cpatronato degli orfani degli operai morti in guerra\u201d, eretto in ente morale con il decreto 27 magio 1923, sorto in Treviso nel 1918 per iniziativa dell\u2019Avv. Comm. Ettore Appiani, avente lo scopo dell\u2019assistenza in genere, compreso il ricovero e il mantenimento degli orfani di ambo i sessi degli operai, morti in dipendenza della guerra, della citt\u00e0 e provincia di Treviso;<\/li><li><strong>\u201cIstituzione Pubblica di Assistenza e Beneficenza \u201cGraziano Appiani\u201d<\/strong> di Treviso con sede in Via Noalese, 53 che trae la propria origine dalle disposizioni testamentarie dell\u2019On. Graziano Appiani in data 14-04-1920, atti notaio Ciani del 15-10-1920 n. 8920. Con Regio Decreto 17-05-1928 fu eretta in Ente Morale ai sensi e per gli effetti della Legge n. 6972\/1890 e ne fu approvato lo statuto organico. Con Regio Decreto 29-06-1939 la Scuola Materna \u00e8 stata raggruppata con L\u2019Asilo Infantile \u201cGiuseppe Garibaldi\u201d e con il Ricreatorio laico \u201cG. Samaritani\u201d. Per cause diverse dei tre Enti \u00e8 rimasto in vita solo l\u2019Istituzione Pubblica di Assistenza e Beneficenza \u201cGraziano Appiani\u201d.<\/li><\/ul>\n\n\n\n<p>Nel 2000 il Consiglio di Amministrazione allora in carica, in considerazione dei nuovi bisogni del territorio, avvi\u00f2 le pratiche di richiesta di apertura di un Asilo Nido Integrato alla Scuola dell\u2019infanzia gi\u00e0 esistente. Nell\u2019anno scolastico 2003-2004 viene aperto alla popolazione del territorio il nuovo servizio per la prima infanzia il Nido Appiani \u201cDegli Angeli Custodi\u201d.<\/p>\n\n\n\n<p>Ora il nuovo ente \u201cAppiani-Turazza\u201d (Istituzione Pubblica di Assistenza e beneficienza) di Treviso con sede in Via Noalese,53 trae la propria fusione in data 15 dicembre 2010 con decreto n.433. L\u2019ente Appiani-Turazza continua a consentire i servizi educativi e di assistenza alla scuola dell\u2019infanzia e del nido integrato.<\/p>\n\n\n\n<figure class=\"wp-block-embed-youtube wp-block-embed is-type-video is-provider-youtube wp-embed-aspect-16-9 wp-has-aspect-ratio\"><div class=\"wp-block-embed__wrapper\">\n<div class=\"youtube-embed\" data-video_id=\"K2kf8gTnyxY\"><iframe loading=\"lazy\" title=\"NIDO\" width=\"696\" height=\"392\" src=\"https:\/\/www.youtube.com\/embed\/K2kf8gTnyxY?feature=oembed&#038;enablejsapi=1&#038;enablejsapi=1\" frameborder=\"0\" allow=\"accelerometer; autoplay; clipboard-write; encrypted-media; gyroscope; picture-in-picture; web-share\" allowfullscreen><\/iframe><\/div>\n<\/div><\/figure>\n","protected":false},"excerpt":{"rendered":"<p>DATI GENERICI NOME: Nido Appiani \u201cdegli angeli custodi\u201dETA\u2019: il servizio \u00e8 rivolto a tutti i bambini da 12 ai 36 mesiTIPOLOGIA: \u00e8 un servizio diurno strutturato in modo simile ad un asilo nido; \u00e8 collocato nello stesso edificio della scuola dell\u2019infanzia e svolge attivit\u00e0 sociale ed educativa mediante collegamenti integrativi con le attivit\u00e0 della scuola [&hellip;]<\/p>\n","protected":false},"author":3,"featured_media":3050,"comment_status":"open","ping_status":"open","sticky":false,"template":"","format":"standard","meta":{"footnotes":""},"categories":[28],"tags":[],"acf":[],"_links":{"self":[{"href":"https:\/\/lasalamandra.eu\/baby\/wp-json\/wp\/v2\/posts\/3047"}],"collection":[{"href":"https:\/\/lasalamandra.eu\/baby\/wp-json\/wp\/v2\/posts"}],"about":[{"href":"https:\/\/lasalamandra.eu\/baby\/wp-json\/wp\/v2\/types\/post"}],"author":[{"embeddable":true,"href":"https:\/\/lasalamandra.eu\/baby\/wp-json\/wp\/v2\/users\/3"}],"replies":[{"embeddable":true,"href":"https:\/\/lasalamandra.eu\/baby\/wp-json\/wp\/v2\/comments?post=3047"}],"version-history":[{"count":2,"href":"https:\/\/lasalamandra.eu\/baby\/wp-json\/wp\/v2\/posts\/3047\/revisions"}],"predecessor-version":[{"id":3145,"href":"https:\/\/lasalamandra.eu\/baby\/wp-json\/wp\/v2\/posts\/3047\/revisions\/3145"}],"wp:featuredmedia":[{"embeddable":true,"href":"https:\/\/lasalamandra.eu\/baby\/wp-json\/wp\/v2\/media\/3050"}],"wp:attachment":[{"href":"https:\/\/lasalamandra.eu\/baby\/wp-json\/wp\/v2\/media?parent=3047"}],"wp:term":[{"taxonomy":"category","embeddable":true,"href":"https:\/\/lasalamandra.eu\/baby\/wp-json\/wp\/v2\/categories?post=3047"},{"taxonomy":"post_tag","embeddable":true,"href":"https:\/\/lasalamandra.eu\/baby\/wp-json\/wp\/v2\/tags?post=3047"}],"curies":[{"name":"wp","href":"https:\/\/api.w.org\/{rel}","templated":true}]}}