{"id":2933,"date":"2023-05-25T11:34:29","date_gmt":"2023-05-25T09:34:29","guid":{"rendered":"http:\/\/lasalamandra.eu\/baby\/?p=2933"},"modified":"2023-05-25T11:34:30","modified_gmt":"2023-05-25T09:34:30","slug":"ti-consiglio-un-libro-6-6","status":"publish","type":"post","link":"https:\/\/lasalamandra.eu\/baby\/2023\/05\/25\/ti-consiglio-un-libro-6-6\/","title":{"rendered":"&#8220;Ti consiglio un libro&#8230;&#8221; (6+)"},"content":{"rendered":"\n<div class=\"wp-block-image\"><figure class=\"alignleft size-large is-resized\"><img decoding=\"async\" loading=\"lazy\" src=\"https:\/\/lasalamandra.eu\/baby\/wp-content\/uploads\/sites\/2\/2023\/05\/divertimenti.jpg\" alt=\"\" class=\"wp-image-2929\" width=\"209\" height=\"306\" srcset=\"https:\/\/lasalamandra.eu\/baby\/wp-content\/uploads\/sites\/2\/2023\/05\/divertimenti.jpg 348w, https:\/\/lasalamandra.eu\/baby\/wp-content\/uploads\/sites\/2\/2023\/05\/divertimenti-205x300.jpg 205w, https:\/\/lasalamandra.eu\/baby\/wp-content\/uploads\/sites\/2\/2023\/05\/divertimenti-287x420.jpg 287w\" sizes=\"(max-width: 209px) 100vw, 209px\" \/><\/figure><\/div>\n\n\n\n<p><strong>\u201cDIVERTIMENTI\u201d<\/strong><br>Editore: Tunu\u00e8<br>Autore: PeraToons<br>Prezzo: 15,50\u20ac<br>Et\u00e0: 7+<br>Ultimo libro targato Pera Toons.<br>Lo spasso \u00e8 assicurato!<br>Mettiti alla prova con indovinelli e giochi divertentissimi, e preparati a ridere con tante battute e freddure inedite, sempre al top!<br>Per letture divertenti e spassose.<br>Per le letture in auto, treno o aereo, non potete dimenticare il nostro amico Pera!<\/p>\n\n\n\n<div class=\"wp-block-image\"><figure class=\"alignleft size-large is-resized\"><img decoding=\"async\" loading=\"lazy\" src=\"https:\/\/lasalamandra.eu\/baby\/wp-content\/uploads\/sites\/2\/2023\/05\/tutto-cambia-tutto-rimane.jpg\" alt=\"\" class=\"wp-image-2931\" width=\"238\" height=\"317\" srcset=\"https:\/\/lasalamandra.eu\/baby\/wp-content\/uploads\/sites\/2\/2023\/05\/tutto-cambia-tutto-rimane.jpg 426w, https:\/\/lasalamandra.eu\/baby\/wp-content\/uploads\/sites\/2\/2023\/05\/tutto-cambia-tutto-rimane-225x300.jpg 225w, https:\/\/lasalamandra.eu\/baby\/wp-content\/uploads\/sites\/2\/2023\/05\/tutto-cambia-tutto-rimane-316x420.jpg 316w\" sizes=\"(max-width: 238px) 100vw, 238px\" \/><\/figure><\/div>\n\n\n\n<p><strong>\u201cTUTTO CAMBIA, TUTTO RIMANE\u201d<\/strong><br>Editore: OsoMelero<br>Autore: Veronica Pia<br>Prezzo: 15\u20ac<br>Et\u00e0: 7+<br>L&#8217;infanzia di una bambina, vissuta in parte a Teixeira, un paese della Para\u00edba (Brasile), e in parte in Italia, \u00e8 messa a confronto con l&#8217;adulta che ritorna in quei luoghi. Gesti e ricordi del passato si mescolano e si sovrappongono al presente, in cui oggetti, animali e persone sembrano rimasti uguali nel tempo, in un mondo a tratti surreale e in continuo movimento. Quello che cambia, con la crescita e le nuove esperienze, sono gli occhi con cui guardiamo.<br>Un libro che racconta delle radici, le quali rimangono sempre all\u2019interno di ognuno di noi!<\/p>\n\n\n\n<div class=\"wp-block-image\"><figure class=\"alignleft size-large is-resized\"><img decoding=\"async\" loading=\"lazy\" src=\"https:\/\/lasalamandra.eu\/baby\/wp-content\/uploads\/sites\/2\/2023\/05\/io-achille.jpg\" alt=\"\" class=\"wp-image-2930\" width=\"264\" height=\"419\" srcset=\"https:\/\/lasalamandra.eu\/baby\/wp-content\/uploads\/sites\/2\/2023\/05\/io-achille.jpg 321w, https:\/\/lasalamandra.eu\/baby\/wp-content\/uploads\/sites\/2\/2023\/05\/io-achille-189x300.jpg 189w, https:\/\/lasalamandra.eu\/baby\/wp-content\/uploads\/sites\/2\/2023\/05\/io-achille-264x420.jpg 264w\" sizes=\"(max-width: 264px) 100vw, 264px\" \/><\/figure><\/div>\n\n\n\n<p><strong>\u201cIO, ACHILLE (FINALMENTE IN PRIMA MEDIA)\u201d<\/strong><br>Editore: Edizioni EL<br>Autore: Mim &amp; Benoit Bajon<br>Prezzo: 12,90\u20ac<br>Et\u00e0: 9+<br>Quest\u2019anno Achille va finalmente in prima media! Ma, da subito, va tutto storto: alcuni bulli di terza lo prendono di mira e con i nuovi insegnanti parte con il piede sbagliato. Cosa ancora pi\u00f9 grave, il suo amico di una vita, Rayane, smette di condividere la sua passione per i supereroi e inizia a frequentare degli NA (Nuovi Amici), un vero tradimento. Come non rimpiangere i bei tempi delle elementari, quando tutto era pi\u00f9 facile! Per fortuna la vita ha in serbo delle sorprese e ad Achille non mancheranno occasioni per tornare di ottimo umore!<br>Un libro di narrativa illustrato per bambini dai 10 anni, dedicato a tutti quelli che arrivano finalmente alla scuola media e devono confrontarsi con un nuovo mondo. Una storia ironica e divertente sulla difficolt\u00e0 e insieme sulla meravigliosa bellezza di crescere, sull\u2019amicizia e sulla crescita.<\/p>\n\n\n\n<p>Libri consigliati da \u201cLa Tana di Bubu\u201d<br><a href=\"https:\/\/www.facebook.com\/latanadibubu\" target=\"_blank\" rel=\"noreferrer noopener\">Facebook<\/a><br><a href=\"https:\/\/www.instagram.com\/latanadi_bubu\/\" target=\"_blank\" rel=\"noreferrer noopener\">Instagram <\/a><\/p>\n","protected":false},"excerpt":{"rendered":"<p>\u201cDIVERTIMENTI\u201dEditore: Tunu\u00e8Autore: PeraToonsPrezzo: 15,50\u20acEt\u00e0: 7+Ultimo libro targato Pera Toons.Lo spasso \u00e8 assicurato!Mettiti alla prova con indovinelli e giochi divertentissimi, e preparati a ridere con tante battute e freddure inedite, sempre al top!Per letture divertenti e spassose.Per le letture in auto, treno o aereo, non potete dimenticare il nostro amico Pera! \u201cTUTTO CAMBIA, TUTTO RIMANE\u201dEditore: OsoMeleroAutore: [&hellip;]<\/p>\n","protected":false},"author":3,"featured_media":2932,"comment_status":"open","ping_status":"open","sticky":false,"template":"","format":"standard","meta":{"footnotes":""},"categories":[25,15],"tags":[],"acf":[],"_links":{"self":[{"href":"https:\/\/lasalamandra.eu\/baby\/wp-json\/wp\/v2\/posts\/2933"}],"collection":[{"href":"https:\/\/lasalamandra.eu\/baby\/wp-json\/wp\/v2\/posts"}],"about":[{"href":"https:\/\/lasalamandra.eu\/baby\/wp-json\/wp\/v2\/types\/post"}],"author":[{"embeddable":true,"href":"https:\/\/lasalamandra.eu\/baby\/wp-json\/wp\/v2\/users\/3"}],"replies":[{"embeddable":true,"href":"https:\/\/lasalamandra.eu\/baby\/wp-json\/wp\/v2\/comments?post=2933"}],"version-history":[{"count":1,"href":"https:\/\/lasalamandra.eu\/baby\/wp-json\/wp\/v2\/posts\/2933\/revisions"}],"predecessor-version":[{"id":2934,"href":"https:\/\/lasalamandra.eu\/baby\/wp-json\/wp\/v2\/posts\/2933\/revisions\/2934"}],"wp:featuredmedia":[{"embeddable":true,"href":"https:\/\/lasalamandra.eu\/baby\/wp-json\/wp\/v2\/media\/2932"}],"wp:attachment":[{"href":"https:\/\/lasalamandra.eu\/baby\/wp-json\/wp\/v2\/media?parent=2933"}],"wp:term":[{"taxonomy":"category","embeddable":true,"href":"https:\/\/lasalamandra.eu\/baby\/wp-json\/wp\/v2\/categories?post=2933"},{"taxonomy":"post_tag","embeddable":true,"href":"https:\/\/lasalamandra.eu\/baby\/wp-json\/wp\/v2\/tags?post=2933"}],"curies":[{"name":"wp","href":"https:\/\/api.w.org\/{rel}","templated":true}]}}