{"id":2758,"date":"2023-03-28T15:58:02","date_gmt":"2023-03-28T13:58:02","guid":{"rendered":"http:\/\/lasalamandra.eu\/baby\/?p=2758"},"modified":"2023-03-28T15:58:03","modified_gmt":"2023-03-28T13:58:03","slug":"la-festa-di-primavera-allo-spazio-biscio","status":"publish","type":"post","link":"https:\/\/lasalamandra.eu\/baby\/2023\/03\/28\/la-festa-di-primavera-allo-spazio-biscio\/","title":{"rendered":"La festa di primavera allo Spazio Bisci\u00f2"},"content":{"rendered":"\n<p>Allo Spazio Bisci\u00f2 arriva la Festa di primavera: gioved\u00ec 6 aprile dalle ore 15.30 alle 18.00, un pomeriggio con i giochi del Ludobus e simpatici laboratori creativi nel parco del quartiere San Paolo. Un appuntamento per dare il benvenuto insieme alla nuova stagione.<\/p>\n\n\n\n<p>Lo spazio aggregativo, promosso dalla Fondazione Zanetti ETS accoglie ogni giorno i bambini e le bambine con tante attivit\u00e0 che comprendono laboratori ludico-creativi, accompagnamento allo studio, educazione alimentare e promozione alla lettura.<\/p>\n\n\n\n<p>Sono state pi\u00f9 di 1600 le presenze dei minori dall\u2019apertura del progetto, che hanno avuto l\u2019opportunit\u00e0 di partecipare a laboratori creativi di collage e pittura, ai giochi con il Ludobus, giochi a squadre, ma anche al laboratorio mattutino dedicato ai compiti in preparazione all\u2019inizio della scuola e al laboratorio <em>Matematica in gioco<\/em>.<\/p>\n\n\n\n<p>Con il supporto degli educatori di La Esse, che coordina il progetto, trovano supporto anche i minori e le famiglie in situazioni di fragilit\u00e0, in connessione con la rete delle associazioni del territorio, dell\u2019Istituto Comprensivo Coletti e delle istituzioni pubbliche sostenitrici del valore educativo e sociale.\u00a0In calendario nei prossimi mesi attivit\u00e0 di lettura e laboratori dedicati alla natura e all\u2019ambiente, mentre a maggio riprenderanno le visite agli Orti di via Borgo Furo. E il 22 giugno una grande festa per il primo compleanno dello Spazio Bisci\u00f2. <\/p>\n\n\n\n<p>La partecipazione \u00e8 gratuita, lo Spazio Bisci\u00f2 \u00e8 aperto dal luned\u00ec al venerd\u00ec dalle ore 16 alle 18.30.<br>Per informazioni: <a href=\"mailto:spaziobiscio@laesse.org\">spaziobiscio@laesse.org<\/a><\/p>\n","protected":false},"excerpt":{"rendered":"<p>Allo Spazio Bisci\u00f2 arriva la Festa di primavera: gioved\u00ec 6 aprile dalle ore 15.30 alle 18.00, un pomeriggio con i giochi del Ludobus e simpatici laboratori creativi nel parco del quartiere San Paolo. Un appuntamento per dare il benvenuto insieme alla nuova stagione. Lo spazio aggregativo, promosso dalla Fondazione Zanetti ETS accoglie ogni giorno i [&hellip;]<\/p>\n","protected":false},"author":3,"featured_media":2757,"comment_status":"open","ping_status":"open","sticky":false,"template":"","format":"standard","meta":{"footnotes":""},"categories":[1,16],"tags":[],"acf":[],"_links":{"self":[{"href":"https:\/\/lasalamandra.eu\/baby\/wp-json\/wp\/v2\/posts\/2758"}],"collection":[{"href":"https:\/\/lasalamandra.eu\/baby\/wp-json\/wp\/v2\/posts"}],"about":[{"href":"https:\/\/lasalamandra.eu\/baby\/wp-json\/wp\/v2\/types\/post"}],"author":[{"embeddable":true,"href":"https:\/\/lasalamandra.eu\/baby\/wp-json\/wp\/v2\/users\/3"}],"replies":[{"embeddable":true,"href":"https:\/\/lasalamandra.eu\/baby\/wp-json\/wp\/v2\/comments?post=2758"}],"version-history":[{"count":1,"href":"https:\/\/lasalamandra.eu\/baby\/wp-json\/wp\/v2\/posts\/2758\/revisions"}],"predecessor-version":[{"id":2759,"href":"https:\/\/lasalamandra.eu\/baby\/wp-json\/wp\/v2\/posts\/2758\/revisions\/2759"}],"wp:featuredmedia":[{"embeddable":true,"href":"https:\/\/lasalamandra.eu\/baby\/wp-json\/wp\/v2\/media\/2757"}],"wp:attachment":[{"href":"https:\/\/lasalamandra.eu\/baby\/wp-json\/wp\/v2\/media?parent=2758"}],"wp:term":[{"taxonomy":"category","embeddable":true,"href":"https:\/\/lasalamandra.eu\/baby\/wp-json\/wp\/v2\/categories?post=2758"},{"taxonomy":"post_tag","embeddable":true,"href":"https:\/\/lasalamandra.eu\/baby\/wp-json\/wp\/v2\/tags?post=2758"}],"curies":[{"name":"wp","href":"https:\/\/api.w.org\/{rel}","templated":true}]}}