{"id":2752,"date":"2023-03-28T12:05:57","date_gmt":"2023-03-28T10:05:57","guid":{"rendered":"http:\/\/lasalamandra.eu\/baby\/?p=2752"},"modified":"2023-03-28T12:05:58","modified_gmt":"2023-03-28T10:05:58","slug":"move-it-un-progetto-per-muoversi-fin-da-piccoli","status":"publish","type":"post","link":"https:\/\/lasalamandra.eu\/baby\/2023\/03\/28\/move-it-un-progetto-per-muoversi-fin-da-piccoli\/","title":{"rendered":"&#8220;Move.It!&#8221;, un progetto per muoversi fin da piccoli"},"content":{"rendered":"\n<div class=\"wp-block-image\"><figure class=\"alignright size-large is-resized\"><img decoding=\"async\" loading=\"lazy\" src=\"https:\/\/lasalamandra.eu\/baby\/wp-content\/uploads\/sites\/2\/2023\/03\/logo-ulss2.jpg\" alt=\"\" class=\"wp-image-2751\" width=\"304\" height=\"145\" srcset=\"https:\/\/lasalamandra.eu\/baby\/wp-content\/uploads\/sites\/2\/2023\/03\/logo-ulss2.jpg 598w, https:\/\/lasalamandra.eu\/baby\/wp-content\/uploads\/sites\/2\/2023\/03\/logo-ulss2-300x143.jpg 300w\" sizes=\"(max-width: 304px) 100vw, 304px\" \/><\/figure><\/div>\n\n\n\n<p>MOVE.IT! \u00e8 un progetto promosso dal Servizio di Promozione della salute dell\u2019ULSS 2 Marca Trevigiana, per avvicinare i bambini in et\u00e0 prescolare e le loro famiglie all\u2019attivit\u00e0 motoria, in modo semplice e piacevole.<\/p>\n\n\n\n<p>I dati epidemiologici raccolti dal sistema di sorveglianza Okkio 2020 della nostra Ulss 2 dimostrano, in linea con i dati italiani, che all\u2019et\u00e0 di 8 anni 1 bambino su 4 \u00e8 sovrappeso, 1 su 2 raggiunge i livelli minimi raccomandati di attivit\u00e0 fisica.<\/p>\n\n\n\n<p>Per questo promuovere stili di vita sani (in particolare una corretta alimentazione ed attivit\u00e0 fisica) \u00e8 una delle priorit\u00e0 della prevenzione.<\/p>\n\n\n\n<p>Inoltre nell\u2019infanzia l\u2019attivit\u00e0 fisica aiuta lo sviluppo motorio e l\u2019apprendimento delle competenze motorie (physical literacy) e contribuisce a formare il bambino nella sua totalit\u00e0, includendo le capacit\u00e0 relazionali, emotive, intellettive.<\/p>\n\n\n\n<div class=\"wp-block-image\"><figure class=\"alignleft size-large is-resized\"><img decoding=\"async\" loading=\"lazy\" src=\"https:\/\/lasalamandra.eu\/baby\/wp-content\/uploads\/sites\/2\/2023\/03\/move-1024x624.jpg\" alt=\"\" class=\"wp-image-2750\" width=\"316\" height=\"193\" srcset=\"https:\/\/lasalamandra.eu\/baby\/wp-content\/uploads\/sites\/2\/2023\/03\/move-1024x624.jpg 1024w, https:\/\/lasalamandra.eu\/baby\/wp-content\/uploads\/sites\/2\/2023\/03\/move-300x183.jpg 300w, https:\/\/lasalamandra.eu\/baby\/wp-content\/uploads\/sites\/2\/2023\/03\/move-768x468.jpg 768w, https:\/\/lasalamandra.eu\/baby\/wp-content\/uploads\/sites\/2\/2023\/03\/move-696x424.jpg 696w, https:\/\/lasalamandra.eu\/baby\/wp-content\/uploads\/sites\/2\/2023\/03\/move-1068x651.jpg 1068w, https:\/\/lasalamandra.eu\/baby\/wp-content\/uploads\/sites\/2\/2023\/03\/move-689x420.jpg 689w, https:\/\/lasalamandra.eu\/baby\/wp-content\/uploads\/sites\/2\/2023\/03\/move.jpg 1181w\" sizes=\"(max-width: 316px) 100vw, 316px\" \/><\/figure><\/div>\n\n\n\n<p>L\u2019inattivit\u00e0 fisica e una dieta inappropriata sono alla base delle principali malattie cronico-degenerative (obesit\u00e0, diabete, patologie cardio-vascolare, tumori).<\/p>\n\n\n\n<p><strong>Auto-formazione<\/strong><\/p>\n\n\n\n<p>L\u2019ambiente degli Asili Nido e delle Scuole dell\u2019Infanzia favorisce l\u2019acquisizione di corretti stili di vita e incoraggia l\u2019attivit\u00e0 motoria pi\u00f9 di ogni altro contesto formativo in quanto \u00e8 contemplata nel piano di studi stesso e permette di raggiungere il maggior numero di bambini con le loro famiglie.<\/p>\n\n\n\n<p>Pertanto si \u00e8 ritenuto utile promuovere insieme alle insegnanti i benefici dell\u2019attivit\u00e0 motoria, sia a livello teorico che pratico.<\/p>\n\n\n\n<p>Gli obiettivi dell\u2019auto-formazione:<\/p>\n\n\n\n<ul><li>trovare in modo autonomo nella programmazione curricolare modalit\u00e0 e tempi per favorire l\u2019acquisizione delle abilit\u00e0 motorie a scuola (ambienti interni ed esterni)<\/li><li>individuare strategie per promuovere il movimento in famiglia<\/li><\/ul>\n\n\n\n<p><strong>A chi \u00e8 rivolto<\/strong><\/p>\n\n\n\n<p>Il corso \u00e8 rivolto alle insegnanti della scuola dell\u2019infanzia ed alle educatrici del nido, questo permetter\u00e0 di raggiungere il maggior numero di bambini di et\u00e0 prescolare e le loro famiglie nell\u2019ambiente pi\u00f9 adatto a questa et\u00e0 per apprendere uno stile di vita sano.<\/p>\n\n\n\n<p><strong>Metodologia<\/strong><\/p>\n\n\n\n<p>Il corso sar\u00e0 con metodologia interattiva e si svolge nella scuola, attraverso un laboratorio teorico-pratico per promuovere ed educare al movimento dei bambini.<strong><\/strong><\/p>\n\n\n\n<p>Si svilupper\u00e0 con 2 lezioni di 3 ore ciascuna e una supervisione se richiesta.<\/p>\n\n\n\n<p>Ad ogni corso potranno partecipare al massimo 30 docenti ed \u00e8 condotto da una educatrice e una psicologa del Servizio Promozione della Salute.<\/p>\n\n\n\n<p><strong>Pillole tematiche<\/strong><\/p>\n\n\n\n<ul><li>Muoversi fin da piccoli: perch\u00e9?<\/li><li>Le basi per la costruzione delle competenze attraverso il movimento<\/li><li>Muoversi nell\u2019ambiente scuola<\/li><li>Concetto di rischio<\/li><li>Il coinvolgimento dei genitori<\/li><li>Esempi progetto<\/li><\/ul>\n\n\n\n<p><strong>Materiali<\/strong><br>Il materiale \u00e8 stato prodotto sotto forma di <strong>scheda<\/strong> in modo da poter essere distribuito ai docenti e ai genitori in base alle diverse et\u00e0 del bambino.<\/p>\n\n\n\n<p><strong>Risorse<\/strong><br>La partecipazione \u00e8 gratuita.<br>Il materiale (schede e opuscoli) viene consegnato gratuitamente.<\/p>\n\n\n\n<p><strong>Referenti del progetto<\/strong><br>Dott.ssa Vanda Di Rienzo: <a href=\"mailto:vanda.dirienzo@aulss2.veneto.it\">vanda.dirienzo@aulss2.veneto.it<\/a><br>Dott.ssa Rita Cagnin: <a href=\"mailto:rita.cagnin@aulss2.veneto.it\">rita.cagnin@aulss2.veneto.it<\/a><\/p>\n\n\n\n<p>Contatti<br>Servizio promozione della salute: <a href=\"mailto:promozione.salute@aulss2.veneto.it\">promozione.salute@aulss2.veneto.it<\/a><br>Segreteria telefono 0422 323826<br>Dal luned\u00ec al venerd\u00ec dalle ore 8.30 alle 12.30<\/p>\n","protected":false},"excerpt":{"rendered":"<p>MOVE.IT! \u00e8 un progetto promosso dal Servizio di Promozione della salute dell\u2019ULSS 2 Marca Trevigiana, per avvicinare i bambini in et\u00e0 prescolare e le loro famiglie all\u2019attivit\u00e0 motoria, in modo semplice e piacevole. I dati epidemiologici raccolti dal sistema di sorveglianza Okkio 2020 della nostra Ulss 2 dimostrano, in linea con i dati italiani, che [&hellip;]<\/p>\n","protected":false},"author":3,"featured_media":2750,"comment_status":"open","ping_status":"open","sticky":false,"template":"","format":"standard","meta":{"footnotes":""},"categories":[18,24,20,22],"tags":[],"acf":[],"_links":{"self":[{"href":"https:\/\/lasalamandra.eu\/baby\/wp-json\/wp\/v2\/posts\/2752"}],"collection":[{"href":"https:\/\/lasalamandra.eu\/baby\/wp-json\/wp\/v2\/posts"}],"about":[{"href":"https:\/\/lasalamandra.eu\/baby\/wp-json\/wp\/v2\/types\/post"}],"author":[{"embeddable":true,"href":"https:\/\/lasalamandra.eu\/baby\/wp-json\/wp\/v2\/users\/3"}],"replies":[{"embeddable":true,"href":"https:\/\/lasalamandra.eu\/baby\/wp-json\/wp\/v2\/comments?post=2752"}],"version-history":[{"count":1,"href":"https:\/\/lasalamandra.eu\/baby\/wp-json\/wp\/v2\/posts\/2752\/revisions"}],"predecessor-version":[{"id":2753,"href":"https:\/\/lasalamandra.eu\/baby\/wp-json\/wp\/v2\/posts\/2752\/revisions\/2753"}],"wp:featuredmedia":[{"embeddable":true,"href":"https:\/\/lasalamandra.eu\/baby\/wp-json\/wp\/v2\/media\/2750"}],"wp:attachment":[{"href":"https:\/\/lasalamandra.eu\/baby\/wp-json\/wp\/v2\/media?parent=2752"}],"wp:term":[{"taxonomy":"category","embeddable":true,"href":"https:\/\/lasalamandra.eu\/baby\/wp-json\/wp\/v2\/categories?post=2752"},{"taxonomy":"post_tag","embeddable":true,"href":"https:\/\/lasalamandra.eu\/baby\/wp-json\/wp\/v2\/tags?post=2752"}],"curies":[{"name":"wp","href":"https:\/\/api.w.org\/{rel}","templated":true}]}}