{"id":2617,"date":"2023-02-08T23:12:07","date_gmt":"2023-02-08T22:12:07","guid":{"rendered":"http:\/\/lasalamandra.eu\/baby\/?p=2617"},"modified":"2023-02-08T23:12:08","modified_gmt":"2023-02-08T22:12:08","slug":"una-fetta-di-teatro-xxv-edizione","status":"publish","type":"post","link":"https:\/\/lasalamandra.eu\/baby\/2023\/02\/08\/una-fetta-di-teatro-xxv-edizione\/","title":{"rendered":"&#8220;Una fetta di teatro&#8221; &#8211; XXV edizione"},"content":{"rendered":"\n<p><strong>Gli spettacoli di febbraio e marzo<\/strong><\/p>\n\n\n\n<p><strong>\u201cLa regina dell\u2019acqua\u201d &#8211; <\/strong>12 Febbraio ore 16:30<\/p>\n\n\n\n<p>I Cuccioli, con Polpetta e Frollino, interpretano a modo loro la famosa fiaba \u201cLa regina della neve\u201d. Il coniglio Cilindro interpreter\u00e0 la parte di Kai e la papera Diva quella di Gerda. Dopo varie peripezie e scontri tra i personaggi Cilindro verr\u00e0 rapito e ipnotizzato dalla regina dell\u2019acqua che lo porter\u00e0 nel suo palazzo. Il piano malefico della regina \u2013 alleata di Maga Cornacchia \u2013 prevede di ottenere il dominio su tutta l\u2019acqua che scorre nel regno\u2026<\/p>\n\n\n\n<p><strong>\u201cLa fame di Arlecchino\u201d &#8211; <\/strong>19 Febbraio ore 16:30<\/p>\n\n\n\n<p>Uno spettacolo interattivo con attori e burattini, che porta in scena in modo divertente i personaggi della grande tradizione italiana della Commedia dell\u2019Arte. Un Arlecchino sempre affamato deve fare i conti con Pantalone, Colombina, Brighella, Balanzone e Pulcinella per cercare riempire la sua pancia sempre vuota. Di sicuro riuscir\u00e0 a prendere tante bastonate, come nella migliore tradizione del teatro dei burattini\u2026 E anche gli adulti potranno dimenticare i loro seriosi ruoli genitoriali e divertirsi con i bambini, interagendo con i due attori sul palco.<\/p>\n\n\n\n<p><strong>\u201cPeter Pan\u2026 Un sorriso, una fata\u201d &#8211; <\/strong>26 Febbraio ore 16:30<\/p>\n\n\n\n<p>La trama classica della fiaba di Barrie viene rovesciata e Peter diventa un manager molto impegnato e molto stressato, mentre Trilly \u00e8 una bambina magica che vuole aiutarlo a uscire dalla prigione della sua routine, anche se inizialmente la sua presenza lo infastidisce. Ricordando l\u2019Isola che non c\u2019\u00e8 e i personaggi che la popolano, Trilly riesce a trasportare Peter nel suo gioco, e il ritrovato legame tra i due continuer\u00e0 a permeare il quotidiano, che pur con le sue regole, sar\u00e0 vissuto con spirito diverso, pi\u00f9 leggero, pi\u00f9 sereno.<\/p>\n\n\n\n<p><strong>\u201cDora, la pesciolina d\u2019oro \u2013 Prima nazionale!\u201d &#8211; <\/strong>5 Marzo ore 17:00<\/p>\n\n\n\n<p>Cosa accadrebbe se nella famosa fiaba le parti si scambiassero? In questo spettacolo la sorella del pesciolino d\u2019oro, la pesciolina Dora, decide di dar vita a una fiaba tutta nuova, dove i desideri da soddisfare sono quelli dei due figli. I sogni partono da giocattoli sofisticati ma poco partecipati, che rendono i bambini semplici spettatori passivi. Il secondo desiderio \u00e8 un giocattolo che sia possibile maneggiare e controllare, e la fiaba si conclude con le parole di Dora: \u201c\u2026probabilmente hanno capito che per divertirsi davvero bisogna avere un amico!\u201d<\/p>\n\n\n\n<p><strong>\u201cCappuccetto Rosso\u201d &#8211; <\/strong>12 Marzo ore 17:00<\/p>\n\n\n\n<p>Molto tempo fa, in una casetta vicino a un boschetto fitto e cupo, abitava una bambina. Tutti in paese le volevano bene e la salutavano dicendo: \u201cCiao, Cappuccetto Rosso\u201d! La chiamavano cos\u00ec per via del colore del mantello e del cappuccio che la nonna le aveva regalato. La bambina era cos\u00ec contenta del dono ricevuto, che promise alla nonna di farle visita ogni giorno; anche se questo significava attraversare il bosco da sola\u2026 Una mattina, uscendo di casa con il cestino delle provviste che le aveva preparato la mamma, incontr\u00f2\u2026 Accidenti! Un Lupo!<\/p>\n\n\n\n<p><strong>\u201cGianduja. Il grande variet\u00e0 delle marionette\u201d &#8211; <\/strong>19 Marzo ore 17:00<\/p>\n\n\n\n<p>Un divertente allestimento realizzato con un teatrino storico del Settecento e marionette a filo. Punteggiato da una colonna sonora forte ed incisiva, lo spettacolo riprende un tema caro all\u2019antico, quello di stupire gli spettatori con un susseguirsi di quadri in cui le marionette recuperano il repertorio tipico del Settecento e Ottocento: dal circo alla ballerina di danza orientale, dall\u2019inferno alla cantante lirica, in un susseguirsi di magiche trasformazioni capaci di affascinare spettatori grandi e piccini\u2026<\/p>\n\n\n\n<p><strong>\u201cNella vecchia fattoria\u201d &#8211; <\/strong>26 Marzo ore 17:00<\/p>\n\n\n\n<p>Zio Tobia sistema la stalla e nutre i suoi animali; la sua fattoria \u00e8 vecchia, ma non si pu\u00f2 dire altrettanto di lui, perch\u00e9 zio Tobia \u00e8 un ragazzo alto, riccio e sorridente, che ama cantare. Tobia manda avanti da solo la fattoria e parla con le sue bestie come se capisse quello che dicono\u2026 un giorno nella sua vita arriva Maria, e lo fa in modo travolgente, entrando dritta nel fienile con la sua bicicletta! Maria \u00e8 una cittadina che non sa niente della campagna, ma ha una voce meravigliosa e sa suonare il violoncello, e a Tobia viene una grande idea\u2026 Uno spettacolo frizzante con tante canzoni cantate dal vivo!<\/p>\n\n\n\n<p><strong>\u201cIn bocca al lupo!\u201d &#8211; <\/strong>2 Aprile ore 17:00<\/p>\n\n\n\n<p>\u201cOh caspita, il bambino si \u00e8 svegliato\u2026 Hai visto che sorpresa Michele? Oggi con te c\u2019\u00e8 pap\u00e0!\u201d Il problema \u00e8 che lui, il cacciatore, non sa come si tengono in braccio i bambini. Il suo mestiere \u00e8 sempre stato andare nel bosco, fin dai tempi di Cappuccetto Rosso. Forse \u00e8 il caso di togliere gli scarponi, mettersi il grembiule e preparare il biberon. \u201cMi hanno nascosto la mamma!\u201d Ecco cosa pensa il piccolo Michele barricato nella culla, e siccome a questo gioco non ci sta, rifiuta qualsiasi biberon e smette di mangiare. E adesso come si fa?<\/p>\n\n\n\n<p><strong>Costo<\/strong>: entrata \u20ac 6 | gratuito sotto i 3 anni | sono disponibili abbonamenti da 5 e 10 ingressi al costo di \u20ac 27,50 e \u20ac 50. Le tessere abbonamento non sono nominative e si possono utilizzare anche per l\u2019ingresso di amici e parenti.<\/p>\n\n\n\n<p><strong>Orari biglietteria<\/strong>: da luned\u00ec a venerd\u00ec dalle 15 alle 18,30 | domenica dalle 15 alle 17,30.<\/p>\n\n\n\n<p><a href=\"https:\/\/www.facebook.com\/AlcuniTeatro\" target=\"_blank\" rel=\"noreferrer noopener\">Facebook<\/a><br><a href=\"https:\/\/live.alcuni.it\/\">https:\/\/live.alcuni.it\/<\/a><\/p>\n","protected":false},"excerpt":{"rendered":"<p>Gli spettacoli di febbraio e marzo \u201cLa regina dell\u2019acqua\u201d &#8211; 12 Febbraio ore 16:30 I Cuccioli, con Polpetta e Frollino, interpretano a modo loro la famosa fiaba \u201cLa regina della neve\u201d. Il coniglio Cilindro interpreter\u00e0 la parte di Kai e la papera Diva quella di Gerda. Dopo varie peripezie e scontri tra i personaggi Cilindro [&hellip;]<\/p>\n","protected":false},"author":3,"featured_media":2370,"comment_status":"open","ping_status":"open","sticky":false,"template":"","format":"standard","meta":{"footnotes":""},"categories":[1,16],"tags":[],"acf":[],"_links":{"self":[{"href":"https:\/\/lasalamandra.eu\/baby\/wp-json\/wp\/v2\/posts\/2617"}],"collection":[{"href":"https:\/\/lasalamandra.eu\/baby\/wp-json\/wp\/v2\/posts"}],"about":[{"href":"https:\/\/lasalamandra.eu\/baby\/wp-json\/wp\/v2\/types\/post"}],"author":[{"embeddable":true,"href":"https:\/\/lasalamandra.eu\/baby\/wp-json\/wp\/v2\/users\/3"}],"replies":[{"embeddable":true,"href":"https:\/\/lasalamandra.eu\/baby\/wp-json\/wp\/v2\/comments?post=2617"}],"version-history":[{"count":1,"href":"https:\/\/lasalamandra.eu\/baby\/wp-json\/wp\/v2\/posts\/2617\/revisions"}],"predecessor-version":[{"id":2618,"href":"https:\/\/lasalamandra.eu\/baby\/wp-json\/wp\/v2\/posts\/2617\/revisions\/2618"}],"wp:featuredmedia":[{"embeddable":true,"href":"https:\/\/lasalamandra.eu\/baby\/wp-json\/wp\/v2\/media\/2370"}],"wp:attachment":[{"href":"https:\/\/lasalamandra.eu\/baby\/wp-json\/wp\/v2\/media?parent=2617"}],"wp:term":[{"taxonomy":"category","embeddable":true,"href":"https:\/\/lasalamandra.eu\/baby\/wp-json\/wp\/v2\/categories?post=2617"},{"taxonomy":"post_tag","embeddable":true,"href":"https:\/\/lasalamandra.eu\/baby\/wp-json\/wp\/v2\/tags?post=2617"}],"curies":[{"name":"wp","href":"https:\/\/api.w.org\/{rel}","templated":true}]}}