{"id":2492,"date":"2022-12-19T12:14:20","date_gmt":"2022-12-19T11:14:20","guid":{"rendered":"http:\/\/lasalamandra.eu\/baby\/?p=2492"},"modified":"2022-12-19T12:14:22","modified_gmt":"2022-12-19T11:14:22","slug":"ti-consiglio-un-libro-0-3","status":"publish","type":"post","link":"https:\/\/lasalamandra.eu\/baby\/2022\/12\/19\/ti-consiglio-un-libro-0-3\/","title":{"rendered":"&#8220;Ti consiglio un libro&#8230;&#8221; (0+)"},"content":{"rendered":"\n<div class=\"wp-block-image\"><figure class=\"alignleft size-large is-resized\"><img decoding=\"async\" loading=\"lazy\" src=\"https:\/\/lasalamandra.eu\/baby\/wp-content\/uploads\/sites\/2\/2022\/12\/che-botto.jpg\" alt=\"\" class=\"wp-image-2481\" width=\"234\" height=\"214\" srcset=\"https:\/\/lasalamandra.eu\/baby\/wp-content\/uploads\/sites\/2\/2022\/12\/che-botto.jpg 515w, https:\/\/lasalamandra.eu\/baby\/wp-content\/uploads\/sites\/2\/2022\/12\/che-botto-300x275.jpg 300w, https:\/\/lasalamandra.eu\/baby\/wp-content\/uploads\/sites\/2\/2022\/12\/che-botto-458x420.jpg 458w\" sizes=\"(max-width: 234px) 100vw, 234px\" \/><\/figure><\/div>\n\n\n\n<p><strong>\u201cCHE BOTTO!!!\u201d<\/strong><br>Autore: Silvana Gravilocich<br>Editore: Saremo alberi<br>Et\u00e0: 3+<\/p>\n\n\n\n<p>Uno ed Altro sono due puntini Identici disegnati su un foglio. Si incontrano, si scontrano per poi imparare a valorizzare le proprie peculiarit\u00e0 divertendosi a scoprire quelle dell\u2019altro. Perch\u00e9 non c\u2019\u00e8 nulla di pi\u00f9 bello del piacere di condividere con gli altri ci\u00f2 che siamo. Dai 3 anni.<\/p>\n\n\n\n<div class=\"wp-block-image\"><figure class=\"alignright size-large is-resized\"><img decoding=\"async\" loading=\"lazy\" src=\"https:\/\/lasalamandra.eu\/baby\/wp-content\/uploads\/sites\/2\/2022\/12\/grande.jpg\" alt=\"\" class=\"wp-image-2483\" width=\"257\" height=\"257\" srcset=\"https:\/\/lasalamandra.eu\/baby\/wp-content\/uploads\/sites\/2\/2022\/12\/grande.jpg 472w, https:\/\/lasalamandra.eu\/baby\/wp-content\/uploads\/sites\/2\/2022\/12\/grande-300x300.jpg 300w, https:\/\/lasalamandra.eu\/baby\/wp-content\/uploads\/sites\/2\/2022\/12\/grande-150x150.jpg 150w, https:\/\/lasalamandra.eu\/baby\/wp-content\/uploads\/sites\/2\/2022\/12\/grande-420x420.jpg 420w\" sizes=\"(max-width: 257px) 100vw, 257px\" \/><\/figure><\/div>\n\n\n\n<p><strong>\u201cGRANDE\u201d<\/strong><br>Editore: Saremo Alberi<br>Autore: Pablo Choca<br>Et\u00e0: 3+<\/p>\n\n\n\n<p>Il piccolo Kai sembra un po\u2019 arrabbiato perch\u00e9 suo fratello Nui \u00e8 diventato grande. In realt\u00e0 non un po\u2019: \u00e8 molto arrabbiato. Talmente tanto che lascia la sua casa per girare nell\u2019oceano. Durante il suo viaggio, incontrer\u00e0 alcuni dei pi\u00f9 saggi animali marini. Cos\u00ec, quasi senza chiederlo, quando ritorna a casa, Kai non sar\u00e0 lo stesso pesciolino che avevamo conosciuto all\u2019inizio dell\u2019avventura.<\/p>\n\n\n\n<p>Una storia tanto profonda quanto il fondo dell\u2019oceano! \u201cGrande\u201d&nbsp;ha vinto il premio Bartolom\u00e9 Hidalgo 2019, il pi\u00f9 prestigioso riconoscimento uruguaiano da oltre trent\u2019anni, come miglior libro-album nella categoria ragazzi!<\/p>\n\n\n\n<div class=\"wp-block-image\"><figure class=\"alignleft size-large is-resized\"><img decoding=\"async\" loading=\"lazy\" src=\"https:\/\/lasalamandra.eu\/baby\/wp-content\/uploads\/sites\/2\/2022\/12\/uot-is-it.jpg\" alt=\"\" class=\"wp-image-2487\" width=\"291\" height=\"292\" srcset=\"https:\/\/lasalamandra.eu\/baby\/wp-content\/uploads\/sites\/2\/2022\/12\/uot-is-it.jpg 470w, https:\/\/lasalamandra.eu\/baby\/wp-content\/uploads\/sites\/2\/2022\/12\/uot-is-it-300x300.jpg 300w, https:\/\/lasalamandra.eu\/baby\/wp-content\/uploads\/sites\/2\/2022\/12\/uot-is-it-150x150.jpg 150w, https:\/\/lasalamandra.eu\/baby\/wp-content\/uploads\/sites\/2\/2022\/12\/uot-is-it-418x420.jpg 418w\" sizes=\"(max-width: 291px) 100vw, 291px\" \/><\/figure><\/div>\n\n\n\n<p><strong>\u201cUOT IS IT?\u201d<\/strong><br>Editore: Sabir<br>Autori: Francesca Carnevale, Eleonora Clemente e Michela Dalla Mura<br>Et\u00e0: 5+<\/p>\n\n\n\n<p>Tre amiche guardano lo stesso oggetto, ma vedono cose diverse. E tu, cosa vedi? Three friends look at the same object, but they see different things. And you, what do you see?<\/p>\n\n\n\n<p>UOT IS IT? \u00e8 un libro per giocare in tanti modi diversi: con il disegno e con la lingua inglese, con la fantasia e con il racconto. Il libro stesso nasce per gioco quando Francesca invia alle amiche l\u2019immagine di una albicocca chiedendo \u00abcosa vi sembra?\u00bb. Michela disegna sopra alla foto con gli strumenti dello smartphone creando il musetto di un cane. Anche Eleonora fa la stessa cosa, disegnando per\u00f2 una coccinella\u2026 il gioco va avanti con tante variazioni, altre foto, altri disegni, creando una dinamica infinita di fantasia.<\/p>\n\n\n\n<p>Un libro ricco di spunti e laboratori creativi da portare sempre con s\u00e9,&nbsp;bilingue italiano-inglese.<\/p>\n\n\n\n<div class=\"wp-block-image\"><figure class=\"alignright size-large is-resized\"><img decoding=\"async\" loading=\"lazy\" src=\"https:\/\/lasalamandra.eu\/baby\/wp-content\/uploads\/sites\/2\/2022\/12\/forse-greta.jpg\" alt=\"\" class=\"wp-image-2482\" width=\"171\" height=\"224\" srcset=\"https:\/\/lasalamandra.eu\/baby\/wp-content\/uploads\/sites\/2\/2022\/12\/forse-greta.jpg 360w, https:\/\/lasalamandra.eu\/baby\/wp-content\/uploads\/sites\/2\/2022\/12\/forse-greta-229x300.jpg 229w, https:\/\/lasalamandra.eu\/baby\/wp-content\/uploads\/sites\/2\/2022\/12\/forse-greta-320x420.jpg 320w\" sizes=\"(max-width: 171px) 100vw, 171px\" \/><\/figure><\/div>\n\n\n\n<p><strong>\u201c(Forse) Greta\u201d<\/strong><br>Editore: Saremo Alberi<br>Autori: Federica Scalona , Federica Gargiulo<br>Et\u00e0: 4+<\/p>\n\n\n\n<p>\u201c(Forse) Greta\u201d \u00e8 la storia di una bambina che come molti di noi combatte ogni giorno contro un mostro davvero spaventoso: il giudizio degli altri! Ogni frase detta dalla maestra, dai compagni di classe, dalla famiglia la trasformer\u00e0 in qualcosa di diverso. Ma tra una rima e l\u2019altra riuscir\u00e0 a trovare la sua strada? (Forse).<\/p>\n\n\n\n<p>Libri consigliati da \u201cLa Tana di Bubu\u201d<br><a href=\"https:\/\/www.facebook.com\/latanadibubu\" target=\"_blank\" rel=\"noreferrer noopener\">Facebook <\/a><br><a href=\"https:\/\/www.instagram.com\/latanadi_bubu\/\" target=\"_blank\" rel=\"noreferrer noopener\">Instagram<\/a><\/p>\n","protected":false},"excerpt":{"rendered":"<p>\u201cCHE BOTTO!!!\u201dAutore: Silvana GravilocichEditore: Saremo alberiEt\u00e0: 3+ Uno ed Altro sono due puntini Identici disegnati su un foglio. Si incontrano, si scontrano per poi imparare a valorizzare le proprie peculiarit\u00e0 divertendosi a scoprire quelle dell\u2019altro. Perch\u00e9 non c\u2019\u00e8 nulla di pi\u00f9 bello del piacere di condividere con gli altri ci\u00f2 che siamo. Dai 3 anni. [&hellip;]<\/p>\n","protected":false},"author":3,"featured_media":2491,"comment_status":"open","ping_status":"open","sticky":false,"template":"","format":"standard","meta":{"footnotes":""},"categories":[25,15],"tags":[],"acf":[],"_links":{"self":[{"href":"https:\/\/lasalamandra.eu\/baby\/wp-json\/wp\/v2\/posts\/2492"}],"collection":[{"href":"https:\/\/lasalamandra.eu\/baby\/wp-json\/wp\/v2\/posts"}],"about":[{"href":"https:\/\/lasalamandra.eu\/baby\/wp-json\/wp\/v2\/types\/post"}],"author":[{"embeddable":true,"href":"https:\/\/lasalamandra.eu\/baby\/wp-json\/wp\/v2\/users\/3"}],"replies":[{"embeddable":true,"href":"https:\/\/lasalamandra.eu\/baby\/wp-json\/wp\/v2\/comments?post=2492"}],"version-history":[{"count":1,"href":"https:\/\/lasalamandra.eu\/baby\/wp-json\/wp\/v2\/posts\/2492\/revisions"}],"predecessor-version":[{"id":2493,"href":"https:\/\/lasalamandra.eu\/baby\/wp-json\/wp\/v2\/posts\/2492\/revisions\/2493"}],"wp:featuredmedia":[{"embeddable":true,"href":"https:\/\/lasalamandra.eu\/baby\/wp-json\/wp\/v2\/media\/2491"}],"wp:attachment":[{"href":"https:\/\/lasalamandra.eu\/baby\/wp-json\/wp\/v2\/media?parent=2492"}],"wp:term":[{"taxonomy":"category","embeddable":true,"href":"https:\/\/lasalamandra.eu\/baby\/wp-json\/wp\/v2\/categories?post=2492"},{"taxonomy":"post_tag","embeddable":true,"href":"https:\/\/lasalamandra.eu\/baby\/wp-json\/wp\/v2\/tags?post=2492"}],"curies":[{"name":"wp","href":"https:\/\/api.w.org\/{rel}","templated":true}]}}