{"id":2488,"date":"2022-12-19T12:07:37","date_gmt":"2022-12-19T11:07:37","guid":{"rendered":"http:\/\/lasalamandra.eu\/baby\/?p=2488"},"modified":"2022-12-19T12:07:38","modified_gmt":"2022-12-19T11:07:38","slug":"ti-consiglio-un-libro-6-3","status":"publish","type":"post","link":"https:\/\/lasalamandra.eu\/baby\/2022\/12\/19\/ti-consiglio-un-libro-6-3\/","title":{"rendered":"&#8220;Ti consiglio un libro&#8230;&#8221; (6+)"},"content":{"rendered":"\n<div class=\"wp-block-image\"><figure class=\"alignright size-large is-resized\"><img decoding=\"async\" loading=\"lazy\" src=\"https:\/\/lasalamandra.eu\/baby\/wp-content\/uploads\/sites\/2\/2022\/12\/temporali.jpg\" alt=\"\" class=\"wp-image-2486\" width=\"547\" height=\"382\" srcset=\"https:\/\/lasalamandra.eu\/baby\/wp-content\/uploads\/sites\/2\/2022\/12\/temporali.jpg 676w, https:\/\/lasalamandra.eu\/baby\/wp-content\/uploads\/sites\/2\/2022\/12\/temporali-300x209.jpg 300w, https:\/\/lasalamandra.eu\/baby\/wp-content\/uploads\/sites\/2\/2022\/12\/temporali-602x420.jpg 602w, https:\/\/lasalamandra.eu\/baby\/wp-content\/uploads\/sites\/2\/2022\/12\/temporali-100x70.jpg 100w\" sizes=\"(max-width: 547px) 100vw, 547px\" \/><\/figure><\/div>\n\n\n\n<p><strong>\u201cTEMPORALI\u201d<\/strong><br>Editore: Camelozampa<br>Autori: Davide Morosinotto<br>Et\u00e0: 11+<\/p>\n\n\n\n<p>Venerd\u00ec 19 maggio, ore 11.56: in un liceo di Bologna scoppia una bomba. Si tratta dell\u2019attentato terroristico pi\u00f9 grave della storia italiana, che apre una ferita insanabile nel cuore della citt\u00e0.<\/p>\n\n\n\n<p>Le conseguenze sono terribili.<\/p>\n\n\n\n<p>Solo che l\u2019attentato non \u00e8 mai avvenuto, e questa storia comincia gioved\u00ec 18 maggio.<\/p>\n\n\n\n<p>Ci sono solo 24 ore per evitare che la tragedia si compia. E per gli Agenti Temporali sta per iniziare la sfida pi\u00f9 difficile. Una corsa contro il tempo, un romanzo dal ritmo serratissimo, costruito come un perfetto ingranaggio, che pu\u00f2 essere letto in due modi:<\/p>\n\n\n\n<ul><li>FABULA\u00a0(copertina verde) in ordine cronologico<\/li><li>INTRECCIO\u00a0(copertina rossa) saltando avanti e indietro nel tempo<\/li><\/ul>\n\n\n\n<div class=\"wp-block-image\"><figure class=\"alignleft size-large is-resized\"><img decoding=\"async\" loading=\"lazy\" src=\"https:\/\/lasalamandra.eu\/baby\/wp-content\/uploads\/sites\/2\/2022\/12\/lo-vedi-anche-tu.jpg\" alt=\"\" class=\"wp-image-2485\" width=\"372\" height=\"372\" srcset=\"https:\/\/lasalamandra.eu\/baby\/wp-content\/uploads\/sites\/2\/2022\/12\/lo-vedi-anche-tu.jpg 472w, https:\/\/lasalamandra.eu\/baby\/wp-content\/uploads\/sites\/2\/2022\/12\/lo-vedi-anche-tu-300x300.jpg 300w, https:\/\/lasalamandra.eu\/baby\/wp-content\/uploads\/sites\/2\/2022\/12\/lo-vedi-anche-tu-150x150.jpg 150w, https:\/\/lasalamandra.eu\/baby\/wp-content\/uploads\/sites\/2\/2022\/12\/lo-vedi-anche-tu-420x420.jpg 420w\" sizes=\"(max-width: 372px) 100vw, 372px\" \/><\/figure><\/div>\n\n\n\n<p><strong>\u201cLO VEDI ANCHE TU?\u201d<\/strong><br>Editore: Rocking Motion<br>Autori: Giulia Angelon, Alice Scotti Marcello, Chiara Tronchin<br>Et\u00e0: 6+<\/p>\n\n\n\n<p>&#8220;Lo vedi anche tu?&#8221; \u00e8 una favola che nasce dall&#8217;amore per il Pianeta. Amore che guida un avventuroso gruppo di animali a mettersi in viaggio per una missione: aprire gli occhi al mondo e unirsi per riscoprire insieme il profondo legame di ogni creatura con la natura. Attraverso il loro sguardo si vedranno molte delle difficolt\u00e0 che affliggono la terra: inquinamento, deturpazioni, sprechi, territori impoveriti e spesso maltrattati&#8230;ma grazie alla determinazione dei protagonisti, ai piccoli gesti di ognuno e al coinvolgimento di creature speciali, i bambini, si inizier\u00e0 a comprendere che nuovi modi, pi\u00f9 gentili, per vivere il pianeta, sono possibili. &#8220;Lo vedi anche tu?&#8221; parte dalla presa di coscienza di una difficolt\u00e0 e dalla convinzione profonda che gli strumenti e le possibilit\u00e0 per cambiare siano gi\u00e0 dentro di noi, vanno solo riscoperti.<\/p>\n\n\n\n<div class=\"wp-block-image\"><figure class=\"alignright size-large\"><img decoding=\"async\" loading=\"lazy\" width=\"324\" height=\"472\" src=\"https:\/\/lasalamandra.eu\/baby\/wp-content\/uploads\/sites\/2\/2022\/12\/la-citta-dacqua.jpg\" alt=\"\" class=\"wp-image-2484\" srcset=\"https:\/\/lasalamandra.eu\/baby\/wp-content\/uploads\/sites\/2\/2022\/12\/la-citta-dacqua.jpg 324w, https:\/\/lasalamandra.eu\/baby\/wp-content\/uploads\/sites\/2\/2022\/12\/la-citta-dacqua-206x300.jpg 206w, https:\/\/lasalamandra.eu\/baby\/wp-content\/uploads\/sites\/2\/2022\/12\/la-citta-dacqua-288x420.jpg 288w\" sizes=\"(max-width: 324px) 100vw, 324px\" \/><\/figure><\/div>\n\n\n\n<p><strong>\u201cLA CITTA\u2019 D\u2019ACQUA\u201d<\/strong><br>Editore: edizioni Corsare<br>Autori: Francesca Leita<br>Et\u00e0: 10+<\/p>\n\n\n\n<p>Ina sta per finire la scuola quando alla mamma, artigiana del vetro, viene rubato il prezioso Libro dei Segreti, antico manuale che tramanda le formule della fabbricazione dei bellissimi vetri veneziani.<\/p>\n\n\n\n<p>Ina decide di partire, convinta che a Venezia potr\u00e0 trovare una traccia e restituire alla mamma il libro perduto.<\/p>\n\n\n\n<p>Si perder\u00e0 nella laguna intorno alla citt\u00e0, conoscendo dei misteriosi e affascinanti personaggi che la aiuteranno a svelare il furto e a scoprire una terribile macchinazione,&nbsp;restituendo a Venezia le sue antiche arti.<\/p>\n\n\n\n<p>Un romanzo dall\u2019atmosfera \u201cmagica\u201d ma dai temi molto attuali che si fa leggere tutto d\u2019un fiato.<\/p>\n\n\n\n<div class=\"wp-block-image\"><figure class=\"alignleft size-large\"><img decoding=\"async\" loading=\"lazy\" width=\"329\" height=\"472\" src=\"https:\/\/lasalamandra.eu\/baby\/wp-content\/uploads\/sites\/2\/2022\/12\/afterlife.jpg\" alt=\"\" class=\"wp-image-2480\" srcset=\"https:\/\/lasalamandra.eu\/baby\/wp-content\/uploads\/sites\/2\/2022\/12\/afterlife.jpg 329w, https:\/\/lasalamandra.eu\/baby\/wp-content\/uploads\/sites\/2\/2022\/12\/afterlife-209x300.jpg 209w, https:\/\/lasalamandra.eu\/baby\/wp-content\/uploads\/sites\/2\/2022\/12\/afterlife-293x420.jpg 293w\" sizes=\"(max-width: 329px) 100vw, 329px\" \/><\/figure><\/div>\n\n\n\n<p><strong>\u201cAFTERLIFE 2.0\u201d<\/strong><br>Editore: Sabir<br>Autore: Alberto Ruscalla e Luca Romano<br>Et\u00e0: 11+<\/p>\n\n\n\n<p><em>Se gli esseri umani vivessero una seconda vita, che tipo di societ\u00e0 si verrebbe a creare?<\/em><\/p>\n\n\n\n<p>E di conseguenza: quali sarebbero i loro valori? La morte farebbe sempre cos\u00ec paura? Le religioni avrebbero lo stesso peso? Il romanzo \u00e8 ambientato su un pianeta (Wayaa) fondamentalmente uguale alla Terra, in cui tutti gli abitanti si trovano accomunati dal fatto di vivere la loro seconda vita avendo chiaro in mente il ricordo della prima. Tale mondo, dotato di una sua storia e di molteplici culture e civilt\u00e0, viene descritto tramite gli occhi di tre protagonisti all\u2019interno di un intricato&nbsp;thriller fantascientifico.<br>L\u2019ambientazione \u00e8 futuristica, ma lo \u00e8 in maniera estremamente realistica. Una delle principali peculiarit\u00e0 di Afterlife 2.0 \u00e8 proprio la sua correttezza scientifica: tutti gli eventi descritti, tutti i numeri forniti e la struttura stessa delle osservazioni fatte sono scientificamente corrette in ogni loro aspetto (eccezion fatta per poche teorie necessarie allo sviluppo della trama). Un romanzo complesso, per un pubblico adulto e interessato al mondo fantascientifico. Le profonde riflessioni filosofiche e religiose che lo definiscono, unite alle crude scene di violenza di un mondo tutt\u2019altro che scontato, accompagnano il lettore alla scoperta dell\u2019essere umano e dei suoi valori fondamentali, prima ancora di spingerlo in un thriller imprevedibile, dove si potr\u00e0 immergere in un mondo fatto di intelligenze artificiali, societ\u00e0 interconnesse e viaggi spaziali.<\/p>\n\n\n\n<p>Libri consigliati da \u201cLa Tana di Bubu\u201d<br><a href=\"https:\/\/www.facebook.com\/latanadibubu\" target=\"_blank\" rel=\"noreferrer noopener\">Facebook<\/a><br><a href=\"https:\/\/www.instagram.com\/latanadi_bubu\/\" target=\"_blank\" rel=\"noreferrer noopener\">Instagram<\/a><\/p>\n","protected":false},"excerpt":{"rendered":"<p>\u201cTEMPORALI\u201dEditore: CamelozampaAutori: Davide MorosinottoEt\u00e0: 11+ Venerd\u00ec 19 maggio, ore 11.56: in un liceo di Bologna scoppia una bomba. Si tratta dell\u2019attentato terroristico pi\u00f9 grave della storia italiana, che apre una ferita insanabile nel cuore della citt\u00e0. Le conseguenze sono terribili. Solo che l\u2019attentato non \u00e8 mai avvenuto, e questa storia comincia gioved\u00ec 18 maggio. Ci [&hellip;]<\/p>\n","protected":false},"author":3,"featured_media":2489,"comment_status":"open","ping_status":"open","sticky":false,"template":"","format":"standard","meta":{"footnotes":""},"categories":[25,15],"tags":[],"acf":[],"_links":{"self":[{"href":"https:\/\/lasalamandra.eu\/baby\/wp-json\/wp\/v2\/posts\/2488"}],"collection":[{"href":"https:\/\/lasalamandra.eu\/baby\/wp-json\/wp\/v2\/posts"}],"about":[{"href":"https:\/\/lasalamandra.eu\/baby\/wp-json\/wp\/v2\/types\/post"}],"author":[{"embeddable":true,"href":"https:\/\/lasalamandra.eu\/baby\/wp-json\/wp\/v2\/users\/3"}],"replies":[{"embeddable":true,"href":"https:\/\/lasalamandra.eu\/baby\/wp-json\/wp\/v2\/comments?post=2488"}],"version-history":[{"count":1,"href":"https:\/\/lasalamandra.eu\/baby\/wp-json\/wp\/v2\/posts\/2488\/revisions"}],"predecessor-version":[{"id":2490,"href":"https:\/\/lasalamandra.eu\/baby\/wp-json\/wp\/v2\/posts\/2488\/revisions\/2490"}],"wp:featuredmedia":[{"embeddable":true,"href":"https:\/\/lasalamandra.eu\/baby\/wp-json\/wp\/v2\/media\/2489"}],"wp:attachment":[{"href":"https:\/\/lasalamandra.eu\/baby\/wp-json\/wp\/v2\/media?parent=2488"}],"wp:term":[{"taxonomy":"category","embeddable":true,"href":"https:\/\/lasalamandra.eu\/baby\/wp-json\/wp\/v2\/categories?post=2488"},{"taxonomy":"post_tag","embeddable":true,"href":"https:\/\/lasalamandra.eu\/baby\/wp-json\/wp\/v2\/tags?post=2488"}],"curies":[{"name":"wp","href":"https:\/\/api.w.org\/{rel}","templated":true}]}}