{"id":2473,"date":"2022-12-19T04:05:51","date_gmt":"2022-12-19T03:05:51","guid":{"rendered":"http:\/\/lasalamandra.eu\/baby\/?p=2473"},"modified":"2022-12-19T04:05:53","modified_gmt":"2022-12-19T03:05:53","slug":"la-partecipazione-dei-bambini-e-delle-bambine-per-una-citta-amica","status":"publish","type":"post","link":"https:\/\/lasalamandra.eu\/baby\/2022\/12\/19\/la-partecipazione-dei-bambini-e-delle-bambine-per-una-citta-amica\/","title":{"rendered":"La partecipazione dei bambini e delle bambine per una citt\u00e0 amica"},"content":{"rendered":"\n<p>Il Comune di Treviso \u00e8 ufficialmente candidato a Citt\u00e0 Amica dei bambini, delle bambine e degli adolescenti Unicef.<\/p>\n\n\n\n<p>Essere citt\u00e0 amica dei bambini e degli adolescenti significa realizzare politiche attente ai bisogni di bambini e adolescenti, attivare progetti che ne promuovono il benessere e favorire la partecipazione e il coinvolgimento dei minori nei processi decisionali.<\/p>\n\n\n\n<p><em>Una Citt\u00e0 Amica \u00e8 una citt\u00e0 impegnata in un processo continuo di miglioramento dei diritti dei bambini, delle bambine e degli adolescenti.<\/em><\/p>\n\n\n\n<p>La partecipazione di bambini, bambine e dei loro genitori alla vita della citt\u00e0 \u00e8 un principio importante all\u2019interno di questo percorso, che l\u2019Amministrazione Comunale di Treviso ha voluto intraprendere due anni fa per proseguire e consolidare il suo impegno a favore dell\u2019infanzia e dell\u2019adolescenza. Ed \u00e8 un principio a cui questa Amministrazione crede molto e, per questa ragione, intende promuovere il coinvolgimento attivo dei bambini e degli adolescenti nelle questioni che li riguardano, favorire l\u2019espressione delle opinioni dei minori e tenerle in considerazione all\u2019interno dei processi decisionali.<\/p>\n\n\n\n<p>La partecipazione dei bambini, delle bambine e degli adolescenti avviene attraverso progettualit\u00e0 ad hoc attive sul territorio e nelle scuole.<\/p>\n\n\n\n<p>Per quel che riguarda i piccolissimi, l\u2019Amministrazione ha pensato di conoscere quanto i bambini e le bambine di questa et\u00e0 vivono la citt\u00e0 e quanto i loro genitori sono a conoscenza dei servizi e delle opportunit\u00e0 offerte all\u2019interno del territorio comunale, attraverso un questionario online dedicato ai genitori di bambini e bambine tra gli 0 e i 5 anni.<\/p>\n\n\n\n<p>Se siete residenti a Treviso e avete un figlio, una figlia o pi\u00f9 tra gli 0 e i 5 anni, vi chiediamo quindi di aiutarci a migliorare la nostra citt\u00e0, compilando un breve e veloce questionario online a questo link: <a href=\"https:\/\/bit.ly\/questionario0_5\">https:\/\/bit.ly\/questionario0_5<\/a>.<br>Ci darete un grande aiuto! <\/p>\n\n\n\n<p>Spazio Famiglia Treviso \u00e8 a vostra disposizione per chiarimenti e informazioni. Potete contattare le operatrici al numero 3401000864 o via mail a <a href=\"mailto:spaziofamiglia@comune.treviso.it\">spaziofamiglia@comune.treviso.it<\/a> oppure sulla pagina Facebook del Comune di Treviso dedicata alle famiglie con figli minori <a href=\"https:\/\/www.facebook.com\/Trevisoperlafamiglia\">Treviso per la Famiglia<\/a>.<\/p>\n","protected":false},"excerpt":{"rendered":"<p>Il Comune di Treviso \u00e8 ufficialmente candidato a Citt\u00e0 Amica dei bambini, delle bambine e degli adolescenti Unicef. Essere citt\u00e0 amica dei bambini e degli adolescenti significa realizzare politiche attente ai bisogni di bambini e adolescenti, attivare progetti che ne promuovono il benessere e favorire la partecipazione e il coinvolgimento dei minori nei processi decisionali. [&hellip;]<\/p>\n","protected":false},"author":3,"featured_media":2472,"comment_status":"open","ping_status":"open","sticky":false,"template":"","format":"standard","meta":{"footnotes":""},"categories":[1,18,17,21],"tags":[],"acf":[],"_links":{"self":[{"href":"https:\/\/lasalamandra.eu\/baby\/wp-json\/wp\/v2\/posts\/2473"}],"collection":[{"href":"https:\/\/lasalamandra.eu\/baby\/wp-json\/wp\/v2\/posts"}],"about":[{"href":"https:\/\/lasalamandra.eu\/baby\/wp-json\/wp\/v2\/types\/post"}],"author":[{"embeddable":true,"href":"https:\/\/lasalamandra.eu\/baby\/wp-json\/wp\/v2\/users\/3"}],"replies":[{"embeddable":true,"href":"https:\/\/lasalamandra.eu\/baby\/wp-json\/wp\/v2\/comments?post=2473"}],"version-history":[{"count":1,"href":"https:\/\/lasalamandra.eu\/baby\/wp-json\/wp\/v2\/posts\/2473\/revisions"}],"predecessor-version":[{"id":2474,"href":"https:\/\/lasalamandra.eu\/baby\/wp-json\/wp\/v2\/posts\/2473\/revisions\/2474"}],"wp:featuredmedia":[{"embeddable":true,"href":"https:\/\/lasalamandra.eu\/baby\/wp-json\/wp\/v2\/media\/2472"}],"wp:attachment":[{"href":"https:\/\/lasalamandra.eu\/baby\/wp-json\/wp\/v2\/media?parent=2473"}],"wp:term":[{"taxonomy":"category","embeddable":true,"href":"https:\/\/lasalamandra.eu\/baby\/wp-json\/wp\/v2\/categories?post=2473"},{"taxonomy":"post_tag","embeddable":true,"href":"https:\/\/lasalamandra.eu\/baby\/wp-json\/wp\/v2\/tags?post=2473"}],"curies":[{"name":"wp","href":"https:\/\/api.w.org\/{rel}","templated":true}]}}