{"id":2324,"date":"2022-05-25T10:31:37","date_gmt":"2022-05-25T08:31:37","guid":{"rendered":"http:\/\/lasalamandra.eu\/baby\/?p=2324"},"modified":"2022-05-25T10:31:38","modified_gmt":"2022-05-25T08:31:38","slug":"rassegna-teatrale-paesi-storie-e-bambini","status":"publish","type":"post","link":"https:\/\/lasalamandra.eu\/baby\/2022\/05\/25\/rassegna-teatrale-paesi-storie-e-bambini\/","title":{"rendered":"Rassegna teatrale &#8220;Paesi, storie e bambini&#8221;"},"content":{"rendered":"\n<p><strong>24 spettacoli, il programma completo<\/strong><\/p>\n\n\n\n<p><em>Paesi, Storie e Bambini<\/em> \u00e8 una rassegna teatrale per bambini e famiglie che coinvolge i comuni della Provincia di Treviso attraverso un cartellone estivo ed itinerante.<\/p>\n\n\n\n<p>Prende vita nei borghi e nei paesi, in spazi all\u2019aperto e non propriamente teatrali quali parchi, giardini, ville e piazze, scelti tra i pi\u00f9 suggestivi e ricercati, per scoprirli o riscoprirli dandone una nuova forma.<\/p>\n\n\n\n<p>Organizzato dalla Compagnia Teatrale \u201cGli Alcuni\u201d e dai Comuni che aderiscono al progetto, <em>Paesi, Storie e Bambini<\/em> ha l\u2019obiettivo di proporre un\u2019offerta culturale per le famiglie e per i pi\u00f9 giovani, creando attraverso il teatro un momento piacevole di incontri, di socializzazione, di educazione e riflessione su tematiche d\u2019attualit\u00e0.<\/p>\n\n\n\n<p>I valori veicolati dal teatro, oltre che dal punto di vista artistico, stimolano la riflessione, l\u2019attenzione e il pensiero. La compagnia teatrale \u201c<em>Gli Alcuni<\/em>\u201d, che si impegna da sempre in senso formativo oltre che ludico, propone produzioni che hanno tematiche di impegno sociale, civile e ambientale.<\/p>\n\n\n\n<div class=\"wp-block-image\"><figure class=\"aligncenter size-large\"><img decoding=\"async\" loading=\"lazy\" width=\"800\" height=\"287\" src=\"https:\/\/lasalamandra.eu\/baby\/wp-content\/uploads\/sites\/2\/2022\/05\/alcuni-paesi-storie.jpg\" alt=\"\" class=\"wp-image-2325\" srcset=\"https:\/\/lasalamandra.eu\/baby\/wp-content\/uploads\/sites\/2\/2022\/05\/alcuni-paesi-storie.jpg 800w, https:\/\/lasalamandra.eu\/baby\/wp-content\/uploads\/sites\/2\/2022\/05\/alcuni-paesi-storie-300x108.jpg 300w, https:\/\/lasalamandra.eu\/baby\/wp-content\/uploads\/sites\/2\/2022\/05\/alcuni-paesi-storie-768x276.jpg 768w, https:\/\/lasalamandra.eu\/baby\/wp-content\/uploads\/sites\/2\/2022\/05\/alcuni-paesi-storie-696x250.jpg 696w\" sizes=\"(max-width: 800px) 100vw, 800px\" \/><\/figure><\/div>\n\n\n\n<p><strong><em>PROGRAMMA<\/em><\/strong><\/p>\n\n\n\n<p>Alla rassegna partecipano <strong>19 comuni della Provincia di Treviso<\/strong> con <strong>24 spettacoli a partire da gioved\u00ec 23 giugno per terminare l\u20198 settembre 2022.<\/strong><\/p>\n\n\n\n<p>Sui palcoscenici dei comuni aderenti prender\u00e0 vita una rassegna di teatro d\u2019attore e di figura, con pupazzi, magie, videoproiezioni, musiche e storie originali. Gli spettacoli sono tratti da fiabe classiche e contemporanee rivisitate, nelle quali il pubblico sar\u00e0 attivamente coinvolto attraverso indovinelli, canzoni da mimare e comicit\u00e0, dove sia il bambino che l&#8217;adulto saranno non solo spettatori ma protagonisti.<\/p>\n\n\n\n<p>In ognuna delle tappe verr\u00e0 organizzata <em>\u201c<strong>un&#8217;estrazione a premi<\/strong>\u201d<\/em> nella quale i bambini potranno partecipare alla vincita dei peluche dei <em>Mini Cuccioli<\/em>, la serie in animazione prodotta da <em>Gruppo Alcuni<\/em> in onda tutti i giorni su <em>RaiYoyo<\/em>, attraverso l\u2019estrazione al termine dello spettacolo.<\/p>\n\n\n\n<p>Il programma completo si potr\u00e0 consultare sul sito: <a href=\"https:\/\/live.alcuni.it\/home-teatro\/\">https:\/\/live.alcuni.it\/home-teatro\/<\/a><\/p>\n\n\n\n<p>Tutti gli eventi saranno proposti a <strong>entrata con offerta libera o gratuiti<\/strong>, si osserver\u00e0 il rispetto delle normative in vigore per il contenimento del virus SARS-Cov-2.<\/p>\n\n\n\n<p>In caso di maltempo lo spettacolo verr\u00e0 spostato presso uno spazio al chiuso messo a disposizione dal Comune, in alternativa verr\u00e0 rinviata la data. La comunicazione ufficiale verr\u00e0 data entro le prime ore del pomeriggio attraverso i canali social de \u201c<em>Gli Alcuni<\/em>\u201d e del Comune coinvolto.<\/p>\n\n\n\n<p>Il calendario sintetico degli spettacoli \u00e8 il seguente:<\/p>\n\n\n\n<p>1.&nbsp;&nbsp;&nbsp;&nbsp;&nbsp; Gioved\u00ec 23 giugno h. 21.15 \u2013 Breda di Piave &#8211; <em>\u201cLa figlia di Robin Hood\u201d <\/em>con<em> Polpetta e Caramella<\/em><\/p>\n\n\n\n<p>2.&nbsp;&nbsp;&nbsp;&nbsp;&nbsp; Venerd\u00ec 24 giugno h. 20.30 \u2013 San Vendemiano &#8211; <em>\u201cIl Pirata Edward Benda Nera\u201d, Gli Alcuni <\/em>con<em> Il Capi e l&#8217;Assistente<\/em><\/p>\n\n\n\n<p>3.&nbsp;&nbsp;&nbsp;&nbsp;&nbsp; Luned\u00ec 27 giugno h. 20.30<em> \u2013 <\/em>San Zenone degli Ezzelini<em> \u2013 \u201cBelle Bolle\u201d <\/em>con <em>Teatro Moro<\/em><\/p>\n\n\n\n<p>4.&nbsp;&nbsp;&nbsp;&nbsp;&nbsp; Venerd\u00ec 01 luglio h. 21 \u2013 Riese Pio X &#8211; <em>\u201cI musicanti di Brema\u201d <\/em>con <em>Polpetta e Caramella<\/em><\/p>\n\n\n\n<p>5.&nbsp;&nbsp;&nbsp;&nbsp;&nbsp; Domenica 03 luglio h. 18.00 \u2013 Loria &#8211; <em>\u201cLa Regina dell\u2019acqua\u201d <\/em>con<em> Polpetta e Caramella<\/em><\/p>\n\n\n\n<p>6.&nbsp;&nbsp;&nbsp;&nbsp;&nbsp; Marted\u00ec 05 luglio h. 20.30 \u2013 Conegliano \u2013 \u201c<em>La Regina dell\u2019acqua<\/em>\u201d con <em>Polpetta e Caramella<\/em><\/p>\n\n\n\n<p>7.&nbsp;&nbsp;&nbsp;&nbsp;&nbsp; Venerd\u00ec 08 luglio h. 21 \u2013 Ponzano Veneto &#8211; \u201c<em>Hansel e Gretel<\/em>\u201d con <em>Polpetta e Caramella<\/em><\/p>\n\n\n\n<p>8.&nbsp;&nbsp;&nbsp;&nbsp;&nbsp; Luned\u00ec 11 luglio h. 21 &#8211; Mogliano Veneto &#8211; <em>\u201cI Musicanti di Brema\u201d <\/em>con<em> Polpetta e Caramella<\/em><\/p>\n\n\n\n<p>9.&nbsp;&nbsp;&nbsp;&nbsp;&nbsp; Marted\u00ec&#8217; 12 luglio h. 21 &#8211; Maser &#8211; <em>\u201cBelle Bolle\u201d<\/em> con <em>Teatro Moro<\/em><\/p>\n\n\n\n<p>10.&nbsp;&nbsp; Gioved\u00ec 14 luglio h. 21 \u2013 Susegana &#8211; <em>\u201cLa figlia di Robin Hood\u201d <\/em>con <em>Polpetta e Caramella<\/em><\/p>\n\n\n\n<p>11.&nbsp;&nbsp; Venerd\u00ec 15 luglio h. 20.30 \u2013 Conegliano \u2013 \u201c<em>L\u2019ultimo T- Rex era un bullo<\/em>\u201d,<em> Gli Alcuni <\/em>con<em> il Capi e l\u2019Assistente<\/em><\/p>\n\n\n\n<p>12.&nbsp;&nbsp; Sabato 16 luglio h. 21 &#8211; Miane &#8211; \u201c<em>Il brutto anatroccolo<\/em>\u201d <em>c<\/em>on <em>Polpetta e Caramella<\/em><\/p>\n\n\n\n<p>13.&nbsp;&nbsp; Marted\u00ec 19 luglio h. 21 &#8211; San Fior di Sotto \u2013 <em>\u201cRosso come Cappuccetto Rosso\u201d<\/em> con<em> Polpetta e Caramella<\/em><\/p>\n\n\n\n<p>14.&nbsp;&nbsp; Gioved\u00ec 21 luglio h. 21 &#8211; Trevignano &#8211; \u201c<em>Belle Bolle\u201d<\/em> con<em> Teatro Moro<\/em><\/p>\n\n\n\n<p>15.&nbsp;&nbsp; Sabato 23 luglio h. 21 &#8211; Fregona &#8211; <em>\u201cIl cannocchiale di Galileo\u201d, Gli Alcuni <\/em>con<em> Il Capi e l&#8217;Assistente<\/em><\/p>\n\n\n\n<p>16.&nbsp;&nbsp; Luned\u00ec 25 luglio h. 21 &#8211; Arcade &#8211; <em>\u201cLa Regina dell&#8217;acqua\u201d <\/em>con<em> Polpetta e Caramella<\/em><\/p>\n\n\n\n<p>17.&nbsp;&nbsp; Marted\u00ec 26 luglio h. 21 \u2013 Castello Roganzuolo di San Fior &#8211; \u201c<em>Il Mago e la Valigia\u201d <\/em>con<em> Teatro Moro<\/em><\/p>\n\n\n\n<p>18.&nbsp;&nbsp; Venerd\u00ec 29 luglio h. 18 \u2013 Giavera del Montello &#8211; <em>\u201cla Bella era addormentata nel bosco ma&#8230;\u201d <\/em>con<em> Polpetta e Caramella<\/em><\/p>\n\n\n\n<p>19.&nbsp;&nbsp; Marted\u00ec 02 agosto h. 21 \u2013 San Fior &#8211; <em>\u201cIl Pirata Edward benda Nera\u201d, Gli Alcuni <\/em>con<em> Il Capi e l&#8217;Assistente<\/em><\/p>\n\n\n\n<p>20.&nbsp;&nbsp; Gioved\u00ec 11 agosto h. 21 \u2013 Casier &#8211; <em>\u201cLeo Da Vinci\u201d<\/em> <em>Gli Alcuni <\/em>con<em> Il Capi e l&#8217;Assistente<\/em><\/p>\n\n\n\n<p>21.&nbsp;&nbsp; Luned\u00ec 29 agosto h. 21 \u2013 Mogliano Veneto &#8211; <em>\u201cBelle Bolle\u201d<\/em> con<em> Teatro Moro<\/em><\/p>\n\n\n\n<p>22.&nbsp;&nbsp; Gioved\u00ec 01 settembre h. 21 \u2013 Nervesa della Battaglia<em> &#8211; \u201cRosso come Cappuccetto Rosso<\/em>\u201d con <em>Polpetta e Caramella<\/em><\/p>\n\n\n\n<p>23.\u00a0\u00a0 Luned\u00ec 05 settembre h. 21 \u2013 Mogliano Veneto &#8211;<em> \u201cDon Chisciotte\u201d, Gli Alcuni <\/em>con<em> il Capi e l&#8217;Assistente<\/em><\/p>\n\n\n\n<p>24.\u00a0\u00a0 Gioved\u00ec 08 settembre h. 21 \u2013 Paese &#8211;<em> \u201cLa figlia di Robin Hood\u201d <\/em>con<em> Polpetta e Caramella<\/em><\/p>\n","protected":false},"excerpt":{"rendered":"<p>24 spettacoli, il programma completo Paesi, Storie e Bambini \u00e8 una rassegna teatrale per bambini e famiglie che coinvolge i comuni della Provincia di Treviso attraverso un cartellone estivo ed itinerante. Prende vita nei borghi e nei paesi, in spazi all\u2019aperto e non propriamente teatrali quali parchi, giardini, ville e piazze, scelti tra i pi\u00f9 [&hellip;]<\/p>\n","protected":false},"author":3,"featured_media":2325,"comment_status":"open","ping_status":"open","sticky":false,"template":"","format":"standard","meta":{"footnotes":""},"categories":[1,16],"tags":[],"acf":[],"_links":{"self":[{"href":"https:\/\/lasalamandra.eu\/baby\/wp-json\/wp\/v2\/posts\/2324"}],"collection":[{"href":"https:\/\/lasalamandra.eu\/baby\/wp-json\/wp\/v2\/posts"}],"about":[{"href":"https:\/\/lasalamandra.eu\/baby\/wp-json\/wp\/v2\/types\/post"}],"author":[{"embeddable":true,"href":"https:\/\/lasalamandra.eu\/baby\/wp-json\/wp\/v2\/users\/3"}],"replies":[{"embeddable":true,"href":"https:\/\/lasalamandra.eu\/baby\/wp-json\/wp\/v2\/comments?post=2324"}],"version-history":[{"count":1,"href":"https:\/\/lasalamandra.eu\/baby\/wp-json\/wp\/v2\/posts\/2324\/revisions"}],"predecessor-version":[{"id":2326,"href":"https:\/\/lasalamandra.eu\/baby\/wp-json\/wp\/v2\/posts\/2324\/revisions\/2326"}],"wp:featuredmedia":[{"embeddable":true,"href":"https:\/\/lasalamandra.eu\/baby\/wp-json\/wp\/v2\/media\/2325"}],"wp:attachment":[{"href":"https:\/\/lasalamandra.eu\/baby\/wp-json\/wp\/v2\/media?parent=2324"}],"wp:term":[{"taxonomy":"category","embeddable":true,"href":"https:\/\/lasalamandra.eu\/baby\/wp-json\/wp\/v2\/categories?post=2324"},{"taxonomy":"post_tag","embeddable":true,"href":"https:\/\/lasalamandra.eu\/baby\/wp-json\/wp\/v2\/tags?post=2324"}],"curies":[{"name":"wp","href":"https:\/\/api.w.org\/{rel}","templated":true}]}}