{"id":1695,"date":"2020-12-21T13:13:52","date_gmt":"2020-12-21T12:13:52","guid":{"rendered":"http:\/\/lasalamandra.eu\/baby\/?p=1695"},"modified":"2020-12-21T13:13:53","modified_gmt":"2020-12-21T12:13:53","slug":"vittorio-veneto-film-festival-2020","status":"publish","type":"post","link":"https:\/\/lasalamandra.eu\/baby\/2020\/12\/21\/vittorio-veneto-film-festival-2020\/","title":{"rendered":"Vittorio Veneto Film Festival 2020"},"content":{"rendered":"\n<p>Il Vittorio Veneto Film Festival \u00e8 un festival internazionale di cinema per ragazzi che quest\u2019anno, 2020, \u00e8 arrivato alla decima edizione. E\u2019 stato un anno particolare per tutti, quindi il VVFF si \u00e8 modificato ed \u00e8 diventato totalmente online.<\/p>\n\n\n\n<p>Online nella parte degli incontri, online nella parte dei webinar, online nella parte ovviamente dei film che i ragazzi potevano guardare a loro piacimento (ovviamente a piacimento degli insegnanti) durante tutto il mese del Festival.<\/p>\n\n\n\n<p>Il Festival \u00e8 iniziato il 16 di novembre e si \u00e8 concluso il 12 dicembre. Grandi ospiti quest\u2019anno si sono succeduti durante tutte queste quattro settimane di festival, da Francesco Bruni che \u00e8 stato il presidente anche della giuria di qualit\u00e0, a Valentina Paggiarini.<\/p>\n\n\n\n<p>Moltissimi altri incontri invece sono stati legati ad argomenti che abbiamo potuto toccare con i ragazzi, sicuramente interessantissimi e formativi, come ad esempio l\u2019incontro con gli Scout, con l\u2019argomento del bullismo, dello sport in cui ci sono stati tutta una serie di personalit\u00e0 come Oscar De Pellegrin, Maurizio Bruseghin e Gabriele Gava o i momenti in cui si \u00e8 parlato di musica, videomaking, con Luca Bic, Marco Giovinazzo e Marco Testoni.<\/p>\n\n\n\n<p>E\u2019 stato un festival assolutamente pieno di attivit\u00e0, pieno di contributi formativi ed educativi che ha permesso ai giovani di incontrare il mondo del cinema in modo pi\u00f9 facile e pi\u00f9 semplice.<\/p>\n\n\n\n<p>I film in concorso erano 12, ovviamente suddivisi come sempre in quattro fasce d\u2019et\u00e0, le fasce prendono il nome delle quattro cime delle montagne che attorniano Vittorio Veneto.<\/p>\n\n\n\n<p>I film provenivano da tutto il mondo e questo ha permesso ai ragazzi di vedere una realt\u00e0 diversa da quella che normalmente vivono tutti i giorni.<\/p>\n\n\n\n<p>I film in concorso erano i seguenti. Per la fascia Santa Augusta: \u201cChecker Tobi and our planet\u2019s secret\u201d di Martin Tischner (Germania), \u201cLeo da Vinci\u201d di Sergio Manfio (Italia) e \u201cBerni e il giovane faraone\u201d di Marco Chiarini (Italia).<\/p>\n\n\n\n<p>Per la fascia Monte Baldo: \u201cPirate\u2019s soul\u201d di Aisyuak Yumagulov (Russia), \u201cChintan\u201d di P V Snehal (India) e \u201cLa mia famiglia a soqquadro\u201d di Max Nardari (Italia).<\/p>\n\n\n\n<p>Per la fascia Monte Pizzoc: \u201cI hope you are well\u201d di Du Bin (Cina), \u201cL\u2019et\u00e0 imperfetta\u201d di Ulisse Lendaro (Italia) e \u201cLa guerra a Cuba\u201d di Renato Giugliano (Italia)<\/p>\n\n\n\n<p>Per la fascia Monte Visentin: \u201cThe sister\u201d di Alexander V. Galibin (Russia), \u201cD2: Train to the end of the world\u201d di Petr Babinec (Repubblica Ceca) e \u201cLa partita\u201d di Francesco Carnesecchi (Italia).<\/p>\n\n\n\n<p>Chi ha vinto il festival? Per quello che riguarda la giuria dei ragazzi i film che sono stati scelti sono: \u201cBerni e il giovane faraone\u201d, \u201cLa mia famiglia a soqquadro\u201d, \u201cI hope you are well\u201d e \u201cThe sister\u201d.<\/p>\n\n\n\n<p>La giuria di qualit\u00e0 che \u00e8 stata anche momento di incontro tra i giovani e il cinema, ha scelto \u201cL\u2019et\u00e0 imperfetta\u201d e \u201cLa partita\u201d di Francesco Carnesecchi.<\/p>\n\n\n\n<p>Il festival ha visto pi\u00f9 di 2.000 in giuria, moltissimi insegnanti che hanno accompagnato i ragazzi a vedere i webinar, gli incontri, i momenti di condivisione e tutti i film del festival, pi\u00f9 di 500 accreditati e un grande team di lavoro.<\/p>\n\n\n\n<p>Un team che si \u00e8 impegnato a costruire un festival alternativo a quello che normalmente facevamo in presenza. Un team fantastico che vede moltissimi ragazzi e moltissimi professionisti che hanno dato il loro apporto per il festival. Per quest\u2019anno il direttore artistico \u00e8 stato Giovanni Esposito, Antonio Roman \u00e8 stato coordinatore di produzione, Aurora Burgio ufficio stampa e relazioni pubbliche, Manuele De Marco video editor, Luca Tonon ha selezionato i film. Pietro Vianello, Ettore Vettor e Riccardo Fuson si sono occupati di tutti i video che avete visto durante questo racconto di un mese di festival. Beatrice Bet e Benedetta Bet ci hanno accompagnato tutti i giorni nell\u2019attivit\u00e0 quotidiana del festival, Alessandro Furlan ha tecnicamente aiutato il doppiaggio dei film.<\/p>\n\n\n\n<p>Molti dei volontari erano presenti ma anche ovviamente online, i traduttori dei film, per esempio, perch\u00e9 i film internazionali arrivano non tradotti e c\u2019\u00e8 la necessit\u00e0 di capire i film in italiano, sottotitolarli e doppiarli.<\/p>\n\n\n\n<p>Vittorio Veneto Film Festival ha visto patrocini molto importanti del Presidente dei Ministri ma anche il contributo della Regione Veneto che ha sempre creduto in noi attraverso dei momenti anche divertenti con l\u2019Assessore alla Cultura, Cristiano Corazzari. Ringraziamo poi, in particolare, il sindaco di Vittorio Veneto, Miatto, e l\u2019assessore alle Politiche Giovanili e Scolastiche, Antonella Caldart, che ci hanno accompagnato in questo mese di festival. La ProLoco di Vittorio Veneto ha creduto molto in noi. Joby ci ha permesso di incontrare i giovani anche nella fase di attivit\u00e0 di critica dei film in concorso.<\/p>\n\n\n\n<p>Il festival \u00e8 stato un divertimento, ringraziamo tutti per questa nuova e bella avventura.<\/p>\n\n\n\n<p class=\"has-text-align-right\">Elisa Marchesini<\/p>\n","protected":false},"excerpt":{"rendered":"<p>Il Vittorio Veneto Film Festival \u00e8 un festival internazionale di cinema per ragazzi che quest\u2019anno, 2020, \u00e8 arrivato alla decima edizione. E\u2019 stato un anno particolare per tutti, quindi il VVFF si \u00e8 modificato ed \u00e8 diventato totalmente online. Online nella parte degli incontri, online nella parte dei webinar, online nella parte ovviamente dei film [&hellip;]<\/p>\n","protected":false},"author":3,"featured_media":1694,"comment_status":"open","ping_status":"open","sticky":false,"template":"","format":"standard","meta":{"footnotes":""},"categories":[1,17],"tags":[],"acf":[],"_links":{"self":[{"href":"https:\/\/lasalamandra.eu\/baby\/wp-json\/wp\/v2\/posts\/1695"}],"collection":[{"href":"https:\/\/lasalamandra.eu\/baby\/wp-json\/wp\/v2\/posts"}],"about":[{"href":"https:\/\/lasalamandra.eu\/baby\/wp-json\/wp\/v2\/types\/post"}],"author":[{"embeddable":true,"href":"https:\/\/lasalamandra.eu\/baby\/wp-json\/wp\/v2\/users\/3"}],"replies":[{"embeddable":true,"href":"https:\/\/lasalamandra.eu\/baby\/wp-json\/wp\/v2\/comments?post=1695"}],"version-history":[{"count":1,"href":"https:\/\/lasalamandra.eu\/baby\/wp-json\/wp\/v2\/posts\/1695\/revisions"}],"predecessor-version":[{"id":1696,"href":"https:\/\/lasalamandra.eu\/baby\/wp-json\/wp\/v2\/posts\/1695\/revisions\/1696"}],"wp:featuredmedia":[{"embeddable":true,"href":"https:\/\/lasalamandra.eu\/baby\/wp-json\/wp\/v2\/media\/1694"}],"wp:attachment":[{"href":"https:\/\/lasalamandra.eu\/baby\/wp-json\/wp\/v2\/media?parent=1695"}],"wp:term":[{"taxonomy":"category","embeddable":true,"href":"https:\/\/lasalamandra.eu\/baby\/wp-json\/wp\/v2\/categories?post=1695"},{"taxonomy":"post_tag","embeddable":true,"href":"https:\/\/lasalamandra.eu\/baby\/wp-json\/wp\/v2\/tags?post=1695"}],"curies":[{"name":"wp","href":"https:\/\/api.w.org\/{rel}","templated":true}]}}