{"id":1623,"date":"2020-12-20T16:22:46","date_gmt":"2020-12-20T15:22:46","guid":{"rendered":"http:\/\/lasalamandra.eu\/baby\/?p=1623"},"modified":"2020-12-20T16:22:47","modified_gmt":"2020-12-20T15:22:47","slug":"pongoecioccolato-fantasia-e-creativita-a-servizio-di-mamma-e-papa","status":"publish","type":"post","link":"https:\/\/lasalamandra.eu\/baby\/2020\/12\/20\/pongoecioccolato-fantasia-e-creativita-a-servizio-di-mamma-e-papa\/","title":{"rendered":"Pongoecioccolato&#8230; Fantasia e creativit\u00e0 a servizio di mamma e pap\u00e0"},"content":{"rendered":"\n<p><strong>Due amiche ci raccontano la loro sfida nata durante il lockdown per il Covid-19&nbsp;<\/strong><strong><\/strong><\/p>\n\n\n\n<p>Dietro pongoecioccolato ci sono Marta e Veronica, due amiche che vivono il mondo dell\u2019infanzia con occhi da maestre e, Veronica pure da mamma!&nbsp;<\/p>\n\n\n\n<p>Siamo nate in marzo agli inizi di questo difficile periodo, con l\u2019intento di far compagnia alle famiglie con attivit\u00e0 per bambini riproponibili a casa e con \u201cchiacchiere tra adulti\u201d. Pensiamo che le nostre proposte abbiano delle carte vincenti: la facilit\u00e0 di reperibilit\u00e0 dei materiali e la semplicit\u00e0 di creazione. Vivendo sia l\u2019esperienza di insegnanti che l\u2019esperienza da mamma, abbiamo capito quanto sia importante la praticit\u00e0 per \u201csemplificare la vita ai genitori\u201d. Un esempio? Diamo consigli di manipolazione cercando il materiale nella dispensa della cucina! Vogliamo fare attivit\u00e0 sensoriali o di motricit\u00e0 fine? Diamo un occhio se in giardino c\u2019\u00e8 proprio quello che ci pu\u00f2 servire! Ci piace riciclare: prima di buttare anche un rotolino di carta igienica pensiamo gi\u00e0 a come possiamo riutilizzarlo per qualche idea divertente!<\/p>\n\n\n\n<p>Che soddisfazione poi quando ci arrivano messaggi di ringraziamento dopo aver pubblicato un&#8217;attivit\u00e0. \u00c8 bello pensare che le \u201cnostre\u201d famiglie si ricavino del tempo per creare con i propri figli.&nbsp;<\/p>\n\n\n\n<p>Questo \u00e8 parte del nostro obiettivo: far vivere ai genitori dei momenti creativi con i propri bimbi. Fa bene a loro in primis e a noi ci rende tanto orgogliose, perch\u00e9 cos\u00ec capiamo di essere sulla strada giusta!<\/p>\n\n\n\n<p>A settembre abbiamo dato il via agli incontri reali, che sono e saranno il nostro obiettivo d\u2019ora in avanti. Ma in questo periodo ci siamo nuovamente affidate alle piattaforme social, unico canale per mantenere i rapporti.&nbsp;<strong>Sulle nostre pagine Facebook ed Instagram troverete un sacco di idee, reportage dei nostri eventi passati e informazioni su quelli futuri!<\/strong><\/p>\n\n\n\n<div class=\"wp-block-image\"><figure class=\"alignleft size-large is-resized\"><img decoding=\"async\" loading=\"lazy\" src=\"https:\/\/lasalamandra.eu\/baby\/wp-content\/uploads\/sites\/2\/2020\/12\/presepe.jpeg\" alt=\"\" class=\"wp-image-1622\" width=\"501\" height=\"669\" srcset=\"https:\/\/lasalamandra.eu\/baby\/wp-content\/uploads\/sites\/2\/2020\/12\/presepe.jpeg 636w, https:\/\/lasalamandra.eu\/baby\/wp-content\/uploads\/sites\/2\/2020\/12\/presepe-224x300.jpeg 224w, https:\/\/lasalamandra.eu\/baby\/wp-content\/uploads\/sites\/2\/2020\/12\/presepe-314x420.jpeg 314w\" sizes=\"(max-width: 501px) 100vw, 501px\" \/><\/figure><\/div>\n\n\n\n<p>Abbiamo pensato di farvi i nostri auguri di Natale con una delle nostre idee di presepe a misura di bambino, quello pensato per la fascia 0-3 anni.\u00a0<\/p>\n\n\n\n<p>Materiale per realizzarlo?&nbsp;<\/p>\n\n\n\n<p>-Scatola di cartone con bordi bassi, per far s\u00ec che i bambini possano entrarci comodamente con le manine. Potete decidere anche di colorarla usando ad esempio della tempera a dita. Al posto dei pennelli potete far usare le spugnette da cucina.<\/p>\n\n\n\n<p>-Portauova di cartone per la capanna.<\/p>\n\n\n\n<p>-Muschio raccolto insieme durante una passeggiata.<\/p>\n\n\n\n<p>-Foglioline da attaccare con colla se volete<\/p>\n\n\n\n<p>-Pezzi di corteccia o rametti in base a ci\u00f2 che pensate sia pi\u00f9 sicuro per i vostri bambini.<\/p>\n\n\n\n<p>-Statuine di legno o di plastica<\/p>\n\n\n\n<p>Le lucine che vedete sono solo per la foto, evitatele sarebbero d\u2019intralcio durante il gioco!<\/p>\n\n\n\n<p>Buon presepe e buon Natale a tutti voi&#8230;grandi e piccini!<\/p>\n\n\n\n<p><a href=\"https:\/\/www.facebook.com\/Pongoecioccolato\/\" target=\"_blank\" rel=\"noreferrer noopener\">Facebook<\/a><br><a href=\"https:\/\/instagram.com\/pongoecioccolato?igshid=1wzigk0403ilz\" target=\"_blank\" rel=\"noreferrer noopener\">Instagram<\/a><\/p>\n","protected":false},"excerpt":{"rendered":"<p>Due amiche ci raccontano la loro sfida nata durante il lockdown per il Covid-19&nbsp; Dietro pongoecioccolato ci sono Marta e Veronica, due amiche che vivono il mondo dell\u2019infanzia con occhi da maestre e, Veronica pure da mamma!&nbsp; Siamo nate in marzo agli inizi di questo difficile periodo, con l\u2019intento di far compagnia alle famiglie con [&hellip;]<\/p>\n","protected":false},"author":3,"featured_media":1621,"comment_status":"open","ping_status":"open","sticky":false,"template":"","format":"standard","meta":{"footnotes":""},"categories":[26,21],"tags":[],"acf":[],"_links":{"self":[{"href":"https:\/\/lasalamandra.eu\/baby\/wp-json\/wp\/v2\/posts\/1623"}],"collection":[{"href":"https:\/\/lasalamandra.eu\/baby\/wp-json\/wp\/v2\/posts"}],"about":[{"href":"https:\/\/lasalamandra.eu\/baby\/wp-json\/wp\/v2\/types\/post"}],"author":[{"embeddable":true,"href":"https:\/\/lasalamandra.eu\/baby\/wp-json\/wp\/v2\/users\/3"}],"replies":[{"embeddable":true,"href":"https:\/\/lasalamandra.eu\/baby\/wp-json\/wp\/v2\/comments?post=1623"}],"version-history":[{"count":1,"href":"https:\/\/lasalamandra.eu\/baby\/wp-json\/wp\/v2\/posts\/1623\/revisions"}],"predecessor-version":[{"id":1624,"href":"https:\/\/lasalamandra.eu\/baby\/wp-json\/wp\/v2\/posts\/1623\/revisions\/1624"}],"wp:featuredmedia":[{"embeddable":true,"href":"https:\/\/lasalamandra.eu\/baby\/wp-json\/wp\/v2\/media\/1621"}],"wp:attachment":[{"href":"https:\/\/lasalamandra.eu\/baby\/wp-json\/wp\/v2\/media?parent=1623"}],"wp:term":[{"taxonomy":"category","embeddable":true,"href":"https:\/\/lasalamandra.eu\/baby\/wp-json\/wp\/v2\/categories?post=1623"},{"taxonomy":"post_tag","embeddable":true,"href":"https:\/\/lasalamandra.eu\/baby\/wp-json\/wp\/v2\/tags?post=1623"}],"curies":[{"name":"wp","href":"https:\/\/api.w.org\/{rel}","templated":true}]}}