{"id":1608,"date":"2020-12-20T15:16:57","date_gmt":"2020-12-20T14:16:57","guid":{"rendered":"http:\/\/lasalamandra.eu\/baby\/?p=1608"},"modified":"2020-12-20T15:16:59","modified_gmt":"2020-12-20T14:16:59","slug":"treviso-per-la-famiglia","status":"publish","type":"post","link":"https:\/\/lasalamandra.eu\/baby\/2020\/12\/20\/treviso-per-la-famiglia\/","title":{"rendered":"Treviso per la famiglia"},"content":{"rendered":"\n<div class=\"wp-block-image\"><figure class=\"alignleft size-large is-resized\"><img decoding=\"async\" loading=\"lazy\" src=\"https:\/\/lasalamandra.eu\/baby\/wp-content\/uploads\/sites\/2\/2020\/12\/locandina-Spazio-Famiglia-Treviso-724x1024.jpg\" alt=\"\" class=\"wp-image-1607\" width=\"421\" height=\"595\" srcset=\"https:\/\/lasalamandra.eu\/baby\/wp-content\/uploads\/sites\/2\/2020\/12\/locandina-Spazio-Famiglia-Treviso-724x1024.jpg 724w, https:\/\/lasalamandra.eu\/baby\/wp-content\/uploads\/sites\/2\/2020\/12\/locandina-Spazio-Famiglia-Treviso-212x300.jpg 212w, https:\/\/lasalamandra.eu\/baby\/wp-content\/uploads\/sites\/2\/2020\/12\/locandina-Spazio-Famiglia-Treviso-768x1086.jpg 768w, https:\/\/lasalamandra.eu\/baby\/wp-content\/uploads\/sites\/2\/2020\/12\/locandina-Spazio-Famiglia-Treviso-696x984.jpg 696w, https:\/\/lasalamandra.eu\/baby\/wp-content\/uploads\/sites\/2\/2020\/12\/locandina-Spazio-Famiglia-Treviso-297x420.jpg 297w, https:\/\/lasalamandra.eu\/baby\/wp-content\/uploads\/sites\/2\/2020\/12\/locandina-Spazio-Famiglia-Treviso.jpg 842w\" sizes=\"(max-width: 421px) 100vw, 421px\" \/><\/figure><\/div>\n\n\n\n<p>Da settembre 2019 \u00e8 attivoa Treviso lo<strong> Spazio Famiglia<\/strong>, uno sportello informativo gratuito dove le famiglie possono trovare un punto di riferimento, orientamento e ascolto. Promosso dal Comune di Treviso, dall&#8217;Assessorato alle Politiche Sociali, Famiglia, Disabilit\u00e0 e Pari Opportunit\u00e0, in collaborazione con il Tavolo per la Famiglia, il servizio \u00e8 al centro del pi\u00f9 ampio progetto <strong>Treviso per la Famiglia <\/strong>voluto dall\u2019Amministrazione per riunire e coordinare le riflessioni e le iniziative proposte a sostegno della famiglia. Un percorso che si sviluppa anche attraverso il <strong>lavoro di rete con il territorio<\/strong>, con il contributo delle associazioni e dei gruppi informali affinch\u00e9 la famiglia non rimanga sola con le proprie difficolt\u00e0.<\/p>\n\n\n\n<p><strong>Lo sportello aperto ai cittadini: <\/strong>finanziato dalla Regione Veneto, Spazio Famiglia si rivolge a tutte le famiglie, genitori in attesa, neo-genitori, con figli minori o con genitori anziani da accudire. Grazie anche al lavoro sviluppato in sinergia tra servizi pubblici, privati&nbsp;e di volontariato sociale, offre consulenza e informazioni sui principali servizi attivi nel territorio in <strong>ambito educativo e scolastico, sociale e sanitario, fiscale e legale, culturale<\/strong>.<\/p>\n\n\n\n<p>\u00c8 possibile, ad esempio, conoscere le proposte di gestione del tempo extrascolastico, dal doposcuola al tempo integrato, e delle iniziative per l\u2019estate, ma anche ricevere sostegno rispetto alla relazione con i figli, conciliazione famiglia-lavoro e gestione organizzativa familiare. In ambito scolastico, il servizio garantisce il supporto ai genitori nell\u2019adempimento delle pratiche per l\u2019iscrizione a scuola dei figli o nella compilazione delle domande per la richiesta di buoni mensa e libri, cos\u00ec come il tutoring per l\u2019accesso ai registri elettronici scolastici. E ancora bonus attivi a favore della famiglia e supporto nella compilazione degli stessi, orientamento ai servizi sociali e specialistici del settore socio-sanitario, informazioni sulla tutela dei minori, adozione, rientro maternit\u00e0, agevolazioni e detrazioni fiscali previste.<\/p>\n\n\n\n<p>Per il secondo anno Spazio Famiglia ha coordinato l\u2019iniziativa <strong>Ottobre-Mese del Bambino <\/strong>con attivit\u00e0 gratuite per grandi e piccoli, occasioni per conoscere servizi e percorsi proposti dalla citt\u00e0 e per costruire una riflessione comune sul valore dell\u2019infanzia. Il programma ha coinvolto pi\u00f9 di 20 associazioni che si sono date appuntamento sulle Mura di Treviso lo scorso 17 ottobre per la prima Fiera della Associazioni che operano a favore della famiglia. Inoltre, in collaborazione con l\u2019AULSS 2 e il reparto di Ostetricia e Ginecologia dell\u2019Ospedale Ca\u2019 Foncello, una trentina di donne in gravidanza hanno potuto incontrare in presenza le ostetriche e trovare risposta alle loro domande sul tema dell\u2019allattamento, nell\u2019ambito della Settimana Mondiale dell\u2019Allattamento che si tiene ogni nella prima settimana di ottobre.<\/p>\n\n\n\n<p>Lo Spazio Famiglia \u00e8 sempre pronto ad accogliere nuove associazioni che volessero entrare in connessione con le iniziative e le riflessioni portate avanti all\u2019interno del progetto Treviso per la Famiglia. Il lavoro di rete \u00e8 infatti punto di partenza e di arrivo per alimentare un sistema circolare capace di coinvolgere i soggetti impegnati e attivi nei confronti delle famiglie, ma anche di cogliere risorse e potenzialit\u00e0 per sostenere la famiglia nella costruzione della propria rete di supporto e prossimit\u00e0.<\/p>\n\n\n\n<p>Lo Spazio Famiglia si trova in via Alzaia 121, di fianco alla Scuola Primaria Volta, nel quartiere di Fiera, ed \u00e8 aperto luned\u00ec ore 9.30-12.30 e venerd\u00ec ore 16-19. L\u2019accesso \u00e8 gratuito, ma in questo particolare momento storico \u00e8 necessario prendere appuntamento.<br>Contatti: T 3401000864 &#8211; <a href=\"mailto:spaziofamiglia@comune.treviso.it\">spaziofamiglia@comune.treviso.it<\/a> &#8211; <a href=\"https:\/\/www.facebook.com\/Trevisoperlafamiglia\">Pagina Facebook<\/a><\/p>\n\n\n\n<p><strong>Le associazioni del territorio<\/strong><\/p>\n\n\n\n<p>Tra le associazioni che fanno riferimento al lavoro in rete con il territorio segnaliamo:<a href=\"http:\/\/www.centrodellafamiglia.it\/\">Centro della famiglia<\/a>, <a href=\"https:\/\/www.melogranotv.org\/\">Il Melograno Treviso, <\/a><a href=\"http:\/\/www.sogno2.it\/\">SognoNumero2<\/a>, <a href=\"https:\/\/www.madamadoretreviso.it\/\">Madamador\u00e8<\/a>, <a href=\"https:\/\/www.noisanpaolo.it\/\">Noi San Paolo<\/a>, <a href=\"https:\/\/www.solidarietatv.org\/\">Cooperativa Sociale La Solidariet\u00e0<\/a>, <a href=\"http:\/\/www.diventaregrandi.it\/\">Diventare Grandi<\/a>, <a href=\"http:\/\/www.consultoriofamiliareucipem.it\/treviso\/\">Consultorio familiare UCIPEM Treviso<\/a>, <a href=\"http:\/\/www.bibliotecatreviso.it\/bibliotecaragazzi\/index.php?option=content&amp;task=view&amp;id=77&amp;Itemid=111\">ABiBRaT<\/a>, <a href=\"https:\/\/www.unicef.it\/treviso\">Unicef Treviso<\/a>, <a href=\"http:\/\/www.associazionemontessoritreviso.it\/\">Associazione Montessori Treviso<\/a>, <a href=\"http:\/\/www.euroscout.it\/\">Euro Scout Societ\u00e0 Cooperativa<\/a>, <a href=\"https:\/\/scout.fse.it\/esploratori\/category\/news\/distretto-treviso-ovest\/\">Associazione Italiana Guide e Scouts d&#8217;Europa Cattolici<\/a>, <a href=\"https:\/\/treviso3.it\/\">Gruppo Scout Treviso 3\u00b0<\/a>, <a href=\"https:\/\/www.agescitreviso.it\/\">Agesci Treviso, \u00a0<\/a><a href=\"https:\/\/sites.google.com\/view\/cngeitreviso\">C. N. G. E. I. Marca Trevigiana<\/a>, <a href=\"https:\/\/www.associazionecoco.it\/\">Associazione CoCo<\/a>, <a href=\"https:\/\/www.facebook.com\/pimetreviso\">Pime Treviso<\/a>, <a href=\"https:\/\/www.facebook.com\/SOS-Il-Telefono-Azzurro-Onlus-Treviso-623661521013312\">Telefono Azzurro Treviso<\/a>, <a href=\"https:\/\/associazioneliberamente.com\/\">Associazione Liberamente<\/a>, <a href=\"https:\/\/www.trevisovolontariato.org\/\">Volontarinsieme \u2013 CSV Treviso<\/a>, <a href=\"http:\/\/www.famiglie2000.it\/\">Famiglie 2000<\/a>, <a href=\"http:\/\/oltrefiera.org\/\">Oltrefiera<\/a>, <a href=\"http:\/\/www.cangurofanna.it\/\">Associazione CanguroFanna<\/a>, <a href=\"http:\/\/www.segnodialleanza.it\/\">Segno di Alleanza, \u00a0<\/a><a href=\"https:\/\/unitiperlavita.it\/\">Uniti per la vita<\/a>,\u00a0 <a href=\"http:\/\/servizi.castelmonteonlus.it\/luogo-di-attenzioni\/\">Castel Monte Onlus<\/a>, <a href=\"https:\/\/www.facebook.com\/GiocatorioSanLazzaro\">Giocatorio San Lazzaro<\/a><\/p>\n","protected":false},"excerpt":{"rendered":"<p>Da settembre 2019 \u00e8 attivoa Treviso lo Spazio Famiglia, uno sportello informativo gratuito dove le famiglie possono trovare un punto di riferimento, orientamento e ascolto. Promosso dal Comune di Treviso, dall&#8217;Assessorato alle Politiche Sociali, Famiglia, Disabilit\u00e0 e Pari Opportunit\u00e0, in collaborazione con il Tavolo per la Famiglia, il servizio \u00e8 al centro del pi\u00f9 ampio [&hellip;]<\/p>\n","protected":false},"author":3,"featured_media":1606,"comment_status":"open","ping_status":"open","sticky":false,"template":"","format":"standard","meta":{"footnotes":""},"categories":[18,21],"tags":[],"acf":[],"_links":{"self":[{"href":"https:\/\/lasalamandra.eu\/baby\/wp-json\/wp\/v2\/posts\/1608"}],"collection":[{"href":"https:\/\/lasalamandra.eu\/baby\/wp-json\/wp\/v2\/posts"}],"about":[{"href":"https:\/\/lasalamandra.eu\/baby\/wp-json\/wp\/v2\/types\/post"}],"author":[{"embeddable":true,"href":"https:\/\/lasalamandra.eu\/baby\/wp-json\/wp\/v2\/users\/3"}],"replies":[{"embeddable":true,"href":"https:\/\/lasalamandra.eu\/baby\/wp-json\/wp\/v2\/comments?post=1608"}],"version-history":[{"count":1,"href":"https:\/\/lasalamandra.eu\/baby\/wp-json\/wp\/v2\/posts\/1608\/revisions"}],"predecessor-version":[{"id":1609,"href":"https:\/\/lasalamandra.eu\/baby\/wp-json\/wp\/v2\/posts\/1608\/revisions\/1609"}],"wp:featuredmedia":[{"embeddable":true,"href":"https:\/\/lasalamandra.eu\/baby\/wp-json\/wp\/v2\/media\/1606"}],"wp:attachment":[{"href":"https:\/\/lasalamandra.eu\/baby\/wp-json\/wp\/v2\/media?parent=1608"}],"wp:term":[{"taxonomy":"category","embeddable":true,"href":"https:\/\/lasalamandra.eu\/baby\/wp-json\/wp\/v2\/categories?post=1608"},{"taxonomy":"post_tag","embeddable":true,"href":"https:\/\/lasalamandra.eu\/baby\/wp-json\/wp\/v2\/tags?post=1608"}],"curies":[{"name":"wp","href":"https:\/\/api.w.org\/{rel}","templated":true}]}}