{"id":1465,"date":"2020-03-18T13:03:15","date_gmt":"2020-03-18T12:03:15","guid":{"rendered":"http:\/\/lasalamandra.eu\/baby\/?p=1465"},"modified":"2020-03-18T13:03:15","modified_gmt":"2020-03-18T12:03:15","slug":"cosa-fa-una-logopedista","status":"publish","type":"post","link":"https:\/\/lasalamandra.eu\/baby\/2020\/03\/18\/cosa-fa-una-logopedista\/","title":{"rendered":"Cosa fa una logopedista?"},"content":{"rendered":"<p>Nell\u2019arco della mia carriera \u00e8 stata la domanda che mi \u00e8 stata posta con maggior frequenza.<\/p>\n<p>Cercher\u00f2 di spiegarlo nella pratica riportando la storia di uno tra i tanti bambini che ho avuto modo di trattare nella mia attivit\u00e0 clinica.<\/p>\n<p>&nbsp;<\/p>\n<p>Nicol\u00f2 (nome di fantasia) ha 5 anni, frequenta l\u2019ultimo anno della scuola materna, viene accompagnato dai propri genitori, perch\u00e9, a detta loro, il bambino non pronuncia correttamente alcune lettere.<\/p>\n<p>Giungono da me su consiglio di una vicina di casa, che aveva avuto un problema simile con suo figlio e, grazie all\u2019intervento logopedico, era riuscita a risolverlo.<\/p>\n<p>Il colloquio inizia con la raccolta dati inerenti al bambino, ma vengo subito interrotta dai genitori con la fatidica domanda del tipo \u201c\u2026<em>se non sia troppo presto iniziare un trattamento logopedico a questa et\u00e0<\/em>\u2026\u201d. Li tranquillizzo sul fatto che la scelta di intraprendere tale percorso a questo stadio evolutivo non solo \u00e8 corretto, ma sarebbe stato favorito dall\u2019essere intervenuti ancora prima.<\/p>\n<p>Questo \u00e8 un dubbio che spesso hanno gran parte dei genitori, cio\u00e8 quello di chiedersi a che et\u00e0 \u00e8 giusto iniziare un trattamento di linguaggio e comunicazione: io rispondo che sarebbe utile un contatto con lo Specialista non appena ci si rende conto che c\u2019\u00e8 qualcosa che non va.<\/p>\n<p>Se un genitore si accorge che il proprio figlio all\u2019et\u00e0 di 2 \u00bd &#8211; 3 anni non parla ancora, non indugi a portarlo a fare una visita, se all\u2019et\u00e0 di 4 anni non ha ancora l\u2019uso di tutti i suoni, provate a parlarne con la logopedista, se poi all\u2019et\u00e0 di 5 anni non c\u2019\u00e8 una competenza linguistica adeguata, meglio chiedere una valutazione, perch\u00e9 potrebbe avere una ricaduta sugli aspetti dell\u2019apprendimento.<\/p>\n<p>Ritornando al colloquio con i genitori di Nicol\u00f2, durante la raccolta dati, mi riferiscono che queste difficolt\u00e0 linguistiche lo stanno limitando nelle relazioni sociali: il bambino fa una certa fatica ad interagire con gli altri suoi coetanei. Anche le insegnanti lo descrivono come un bambino taciturno, che tende a stare in disparte e deve essere molto sollecitato, affinch\u00e9 risponda alle domande.<\/p>\n<p>Terminata la raccolta dati, tranquillizzo i genitori sull\u2019importanza dell\u2019intervento precoce, spiego loro cosa andr\u00f2 ad indagare, per valutare il tipo di difficolt\u00e0 linguistiche alle quali il loro bimbo potrebbe andare incontro e che tipo di prove user\u00f2 per l\u2019indagine.<\/p>\n<p>Concluso l\u2019accertamento, incontro nuovamente i genitori senza il bambino, spiego loro quello che \u00e8 emerso e che tipo di programma riabilitativo prevedo di fare con Nicol\u00f2, specificando che il percorso comprende anche incontri con le insegnanti e ci sar\u00e0 del lavoro che dovr\u00e0 svolgere a casa, con la supervisione e la collaborazione dei genitori.<\/p>\n<p>Dopo 3 mesi di trattamento, si sono gi\u00e0 potuti vedere alcuni miglioramenti nella parte espressiva, con ripercussioni favorevoli anche a scuola: infatti le insegnanti hanno notato una maggiore sicurezza, ora interagisce di pi\u00f9 con i suoi coetanei ed interviene anche durante la lezione.<\/p>\n<p>Questo sottolinea come una limitazione verbale possa incidere anche a livello caratteriale del bambino.<\/p>\n<p>C\u2019\u00e8 ancora del lavoro da fare con Nicol\u00f2, ma abbiamo gi\u00e0 raggiunto un grande successo a livello articolatorio che si \u00e8 poi riversato nella socializzazione.<\/p>\n<p>Non mi sono addentrata, volutamente, sul tipo di trattamento che ho attuato con lui per lasciare spazio alle vostre eventuali domande, da inoltrare alla mail in firma.<\/p>\n<p style=\"text-align: right\">Logopedista<br \/>\nDott.ssa Tenenti Alessandra<\/p>\n","protected":false},"excerpt":{"rendered":"<p>Nell\u2019arco della mia carriera \u00e8 stata la domanda che mi \u00e8 stata posta con maggior frequenza. Cercher\u00f2 di spiegarlo nella pratica riportando la storia di uno tra i tanti bambini che ho avuto modo di trattare nella mia attivit\u00e0 clinica. &nbsp; Nicol\u00f2 (nome di fantasia) ha 5 anni, frequenta l\u2019ultimo anno della scuola materna, viene [&hellip;]<\/p>\n","protected":false},"author":3,"featured_media":1347,"comment_status":"open","ping_status":"open","sticky":false,"template":"","format":"standard","meta":{"footnotes":""},"categories":[19,18],"tags":[],"acf":[],"_links":{"self":[{"href":"https:\/\/lasalamandra.eu\/baby\/wp-json\/wp\/v2\/posts\/1465"}],"collection":[{"href":"https:\/\/lasalamandra.eu\/baby\/wp-json\/wp\/v2\/posts"}],"about":[{"href":"https:\/\/lasalamandra.eu\/baby\/wp-json\/wp\/v2\/types\/post"}],"author":[{"embeddable":true,"href":"https:\/\/lasalamandra.eu\/baby\/wp-json\/wp\/v2\/users\/3"}],"replies":[{"embeddable":true,"href":"https:\/\/lasalamandra.eu\/baby\/wp-json\/wp\/v2\/comments?post=1465"}],"version-history":[{"count":1,"href":"https:\/\/lasalamandra.eu\/baby\/wp-json\/wp\/v2\/posts\/1465\/revisions"}],"predecessor-version":[{"id":1466,"href":"https:\/\/lasalamandra.eu\/baby\/wp-json\/wp\/v2\/posts\/1465\/revisions\/1466"}],"wp:featuredmedia":[{"embeddable":true,"href":"https:\/\/lasalamandra.eu\/baby\/wp-json\/wp\/v2\/media\/1347"}],"wp:attachment":[{"href":"https:\/\/lasalamandra.eu\/baby\/wp-json\/wp\/v2\/media?parent=1465"}],"wp:term":[{"taxonomy":"category","embeddable":true,"href":"https:\/\/lasalamandra.eu\/baby\/wp-json\/wp\/v2\/categories?post=1465"},{"taxonomy":"post_tag","embeddable":true,"href":"https:\/\/lasalamandra.eu\/baby\/wp-json\/wp\/v2\/tags?post=1465"}],"curies":[{"name":"wp","href":"https:\/\/api.w.org\/{rel}","templated":true}]}}